{"id":10781,"date":"2025-09-14T14:06:53","date_gmt":"2025-09-14T12:06:53","guid":{"rendered":"https:\/\/africafashiontour.com\/premios-internacionales-de-diseno-de-africa\/"},"modified":"2025-09-17T17:11:06","modified_gmt":"2025-09-17T15:11:06","slug":"premios-internacionales-de-diseno-de-africa","status":"publish","type":"post","link":"https:\/\/africafashiontour.com\/es\/premios-internacionales-de-diseno-de-africa\/","title":{"rendered":"Premios Internacionales de Dise\u00f1o de \u00c1frica"},"content":{"rendered":"<h2><span class=\"selected\">Una nueva voz para el dise\u00f1o africano en la escena mundial<\/span><\/h2>\n<p><span class=\"selected\">La escena creativa africana est\u00e1 en pleno apogeo, y por primera vez se crea una plataforma de renombre internacional para celebrarlo. En  <\/span><strong><span class=\"selected\">Los Premios Internacionales de Dise\u00f1o de \u00c1frica (AIDA)<\/span><\/strong><span class=\"selected\">lanzados oficialmente en julio de 2025 en Coton\u00fa (Ben\u00edn), son una voz poderosa y un trampol\u00edn \u00fanico para el talento del continente.<\/span><\/p>\n<h3><span class=\"selected\">Colaboraci\u00f3n estrat\u00e9gica para un impacto global<\/span><\/h3>\n<p><span class=\"selected\">Estos ambiciosos premios son el resultado de una colaboraci\u00f3n estrat\u00e9gica entre el <\/span><strong><span class=\"selected\">Grupo de Premios 3C<\/span><\/strong><span class=\"selected\">referencia mundial en la promoci\u00f3n del dise\u00f1o, y la<\/span><strong><span class=\"selected\">Escuela de Dise\u00f1o de \u00c1frica<\/span><\/strong><span class=\"selected\">la primera escuela de dise\u00f1o de \u00c1frica Occidental. Juntos han creado un evento que honra no solo a los dise\u00f1adores africanos, sino tambi\u00e9n a los creadores internacionales cuyo trabajo est\u00e1 profundamente arraigado en el contexto cultural y medioambiental de \u00c1frica. <\/span><\/p>\n<p><span class=\"selected\">El principal objetivo de los AIDA es descubrir y destacar proyectos innovadores que respondan a los singulares retos sociales, econ\u00f3micos y medioambientales del continente. Lejos de las pasarelas tradicionales, los premios AIDA buscan creaciones que combinen excelencia est\u00e9tica, funcionalidad y compromiso. <\/span><\/p>\n<p><img decoding=\"async\" class=\"aligncenter size-full wp-image-10809\" src=\"https:\/\/africafashiontour.com\/wp-content\/uploads\/2025\/09\/2-3.jpg\" alt=\"SELLY RABY KANE  \" width=\"819\" height=\"1024\" srcset=\"https:\/\/africafashiontour.com\/wp-content\/uploads\/2025\/09\/2-3.jpg 819w, https:\/\/africafashiontour.com\/wp-content\/uploads\/2025\/09\/2-3-480x600.jpg 480w\" sizes=\"(min-width: 0px) and (max-width: 480px) 480px, (min-width: 481px) 819px, 100vw\" \/><\/p>\n<h3><span class=\"selected\">Un panorama de la creatividad africana<\/span><\/h3>\n<p><span class=\"selected\">El Premio AIDA recompensa la excelencia en cuatro disciplinas principales:<\/span><\/p>\n<ul>\n<li><strong><span class=\"selected\">Dise\u00f1o espacial<\/span><\/strong><span class=\"selected\"> (arquitectura, interiorismo)<\/span><\/li>\n<li><strong><span class=\"selected\">Dise\u00f1o de productos<\/span><\/strong><span class=\"selected\"> (muebles, objetos cotidianos)<\/span><\/li>\n<li><strong><span class=\"selected\">Dise\u00f1o de la comunicaci\u00f3n<\/span><\/strong><span class=\"selected\"> (dise\u00f1o gr\u00e1fico, multimedia)<\/span><\/li>\n<li><strong><span class=\"selected\">Dise\u00f1o de moda<\/span><\/strong><span class=\"selected\"> (ropa, accesorios)<\/span><\/li>\n<\/ul>\n<p><span class=\"selected\">Los Premios AIDA reconocen el poder de la moda como lenguaje cultural y fomentan los dise\u00f1os que encarnan la identidad, el prop\u00f3sito y la sostenibilidad, lejos de ser meras tendencias. Es una oportunidad para que la moda africana demuestre su ingenio y se reafirme como protagonista de la innovaci\u00f3n mundial. <\/span><\/p>\n<p><span class=\"selected\">Las candidaturas ya est\u00e1n abiertas, y se invita a profesionales y estudiantes a presentar sus proyectos para tener la oportunidad de ganar un premio AIDA. La ceremonia de entrega de premios tendr\u00e1 lugar el   <\/span><strong><span class=\"selected\">25 de julio de 2026<\/span><\/strong><span class=\"selected\">. Para compartir su proyecto y formar parte de esta celebraci\u00f3n de la creatividad africana, visite el sitio web oficial :  <\/span><a title=\"null\" href=\"https:\/\/www.google.com\/search?q=https:\/\/www.africainternationaldesignawards.com\"><strong><span class=\"selected\">africainternationaldesignawards.com<\/span><\/strong><\/a><span class=\"selected\">.<\/span><\/p>\n<p><img decoding=\"async\" class=\"aligncenter size-full wp-image-10818\" src=\"https:\/\/africafashiontour.com\/wp-content\/uploads\/2025\/09\/Format-Portrait-AFT-New-1-1.jpg\" alt=\"abierto el plazo de presentaci\u00f3n de candidaturas para los premios internacionales de dise\u00f1o de \u00e1frica\" width=\"819\" height=\"1024\" srcset=\"https:\/\/africafashiontour.com\/wp-content\/uploads\/2025\/09\/Format-Portrait-AFT-New-1-1.jpg 819w, https:\/\/africafashiontour.com\/wp-content\/uploads\/2025\/09\/Format-Portrait-AFT-New-1-1-480x600.jpg 480w\" sizes=\"(min-width: 0px) and (max-width: 480px) 480px, (min-width: 481px) 819px, 100vw\" \/><\/p>\n<h3><span class=\"selected\">Participar y celebrar la excelencia<\/span><\/h3>\n<p><span class=\"selected\">Con un jurado de expertos internacionales, los Premios AIDA prometen tender un puente entre los talentos emergentes y los profesionales consagrados, al tiempo que fomentan colaboraciones que van m\u00e1s all\u00e1 de los modelos existentes. Es un movimiento que empieza ahora y est\u00e1 llamado a dar forma al futuro del dise\u00f1o en \u00c1frica y m\u00e1s all\u00e1. <\/span><\/p>\n<p>Foto: 1 Bibi Seck, 2: miembro del jurado Selly Raby Kane<\/p>\n<hr>\n<p>Leer tambi\u00e9n<\/p>\n<ul>\n<li><a href=\"https:\/\/africafashiontour.com\/es\/la-franquicia-en-africa-un-modelo-de-crecimiento-para-la-iniciativa-empresarial\/\">La franquicia en \u00c1frica, un modelo de crecimiento para la iniciativa empresarial<\/a><\/li>\n<li><a href=\"https:\/\/africafashiontour.com\/es\/mina-binebine-una-disenadora-comprometida-con-la-conservacion-del-patrimonio-marroqui\/\">Mina Binebine, una dise\u00f1adora comprometida con la conservaci\u00f3n del patrimonio marroqu\u00ed<\/a><\/li>\n<li><a href=\"https:\/\/africafashiontour.com\/es\/iamisigo-de-la-semana-de-la-moda-de-lagos-a-la-de-copenhague\/\">Iamisigo, de la Semana de la Moda de Lagos a la de Copenhague<\/a><\/li>\n<\/ul>\n","protected":false},"excerpt":{"rendered":"<p>Los Premios AIDA son una nueva plataforma internacional dise\u00f1ada para identificar y celebrar el talento africano en las industrias creativas. Un movimiento que destaca a los dise\u00f1adores visionarios y sus soluciones innovadoras, desde la moda a la arquitectura. <\/p>\n","protected":false},"author":2,"featured_media":10808,"comment_status":"closed","ping_status":"closed","sticky":false,"template":"","format":"standard","meta":{"_et_pb_use_builder":"","_et_pb_old_content":"","_et_gb_content_width":"","footnotes":""},"categories":[148],"tags":[],"class_list":["post-10781","post","type-post","status-publish","format-standard","has-post-thumbnail","hentry","category-arte"],"_links":{"self":[{"href":"https:\/\/africafashiontour.com\/es\/wp-json\/wp\/v2\/posts\/10781","targetHints":{"allow":["GET"]}}],"collection":[{"href":"https:\/\/africafashiontour.com\/es\/wp-json\/wp\/v2\/posts"}],"about":[{"href":"https:\/\/africafashiontour.com\/es\/wp-json\/wp\/v2\/types\/post"}],"author":[{"embeddable":true,"href":"https:\/\/africafashiontour.com\/es\/wp-json\/wp\/v2\/users\/2"}],"replies":[{"embeddable":true,"href":"https:\/\/africafashiontour.com\/es\/wp-json\/wp\/v2\/comments?post=10781"}],"version-history":[{"count":2,"href":"https:\/\/africafashiontour.com\/es\/wp-json\/wp\/v2\/posts\/10781\/revisions"}],"predecessor-version":[{"id":10824,"href":"https:\/\/africafashiontour.com\/es\/wp-json\/wp\/v2\/posts\/10781\/revisions\/10824"}],"wp:featuredmedia":[{"embeddable":true,"href":"https:\/\/africafashiontour.com\/es\/wp-json\/wp\/v2\/media\/10808"}],"wp:attachment":[{"href":"https:\/\/africafashiontour.com\/es\/wp-json\/wp\/v2\/media?parent=10781"}],"wp:term":[{"taxonomy":"category","embeddable":true,"href":"https:\/\/africafashiontour.com\/es\/wp-json\/wp\/v2\/categories?post=10781"},{"taxonomy":"post_tag","embeddable":true,"href":"https:\/\/africafashiontour.com\/es\/wp-json\/wp\/v2\/tags?post=10781"}],"curies":[{"name":"wp","href":"https:\/\/api.w.org\/{rel}","templated":true}]}}