{"id":11258,"date":"2025-11-05T13:20:59","date_gmt":"2025-11-05T12:20:59","guid":{"rendered":"https:\/\/africafashiontour.com\/la-natural-hair-academy-2025-se-traslada-a-marsella\/"},"modified":"2025-11-08T20:28:56","modified_gmt":"2025-11-08T19:28:56","slug":"la-natural-hair-academy-2025-se-traslada-a-marsella","status":"publish","type":"post","link":"https:\/\/africafashiontour.com\/es\/la-natural-hair-academy-2025-se-traslada-a-marsella\/","title":{"rendered":"La Natural Hair Academy 2025 se traslada a Marsella"},"content":{"rendered":"<p data-pm-slice=\"1 1 []\">Le informamos de que el evento Natural Hair Academy (NHA) se ha pospuesto a una fecha posterior. Le invitamos a consultar el sitio web oficial de la NHA para conocer las nuevas fechas e informaci\u00f3n. <\/p>\n<p data-pm-slice=\"1 1 []\"><strong>Un acontecimiento cultural que se celebra desde hace 13 a\u00f1os<\/strong><\/p>\n<p>Desde su creaci\u00f3n en Par\u00eds en 2012, la  <a href=\"https:\/\/my.weezevent.com\/nha2025-marseille\">Academia del Cabello Natural (NHA)<\/a>  ha tenido \u00e9xito en una apuesta audaz: transformar el movimiento de &#8220;vuelta al cabello natural&#8221; en una importante plataforma cultural, social y econ\u00f3mica en Europa. El evento ha crecido hasta convertirse en la mayor reuni\u00f3n de mujeres negras y mestizas, atrayendo a celebridades, personas influyentes y un r\u00e9cord de 180 expositores en 2025. <\/p>\n<p>El \u00e9xito y la longevidad de las CNS se basan en una filosof\u00eda clara: celebrar las diferencias, la singularidad y la solidaridad de su p\u00fablico. El evento se concibe como un lugar de inspiraci\u00f3n y entretenimiento completo, que ofrece dos d\u00edas repletos de actividades: <\/p>\n<ul>\n<li><strong>talleres<\/strong> sobre cuidado del cabello, maquillaje, creaci\u00f3n de productos DIY, as\u00ed como salud mental y meditaci\u00f3n<\/li>\n<li>inspiradores <strong>paneles<\/strong> sobre empoderamiento, <em>amor propio<\/em> y esp\u00edritu empresarial<\/li>\n<li><strong>desfiles de<\/strong> moda y peluquer\u00eda que cada a\u00f1o incendian las redes sociales.<\/li>\n<li>La <strong>Aldea Infantil<\/strong> integrada es otro ejemplo de la visi\u00f3n familiar e integradora de las CNS.<\/li>\n<\/ul>\n<p>Tras conquistar Par\u00eds, la CNS ampl\u00eda su radio de acci\u00f3n y se prepara para desembarcar en <strong>Marsella el s\u00e1bado 6 y el domingo 7 de diciembre de 2025 en el Parc Chanot<\/strong>. Esta expansi\u00f3n confirma el crecimiento del movimiento y el inter\u00e9s de los consumidores m\u00e1s all\u00e1 de la capital. <\/p>\n<h4>Descifrar las nuevas expectativas de las mujeres afrofrancesas<\/h4>\n<p>Cada edici\u00f3n de las CNS es inseparable de la din\u00e1mica del mercado que refleja. La<g id=\"gid_0\">Encuesta 2025 de Higiene y Belleza de las Mujeres Afrofrancesas<\/g>, realizada por la Agence AK-A, es un aut\u00e9ntico bar\u00f3metro de este sector desde hace m\u00e1s de una d\u00e9cada. Este an\u00e1lisis exclusivo, publicado cada dos a\u00f1os, ofrece una visi\u00f3n indispensable de las <strong>rutinas, usos y expectativas<\/strong> de estas consumidoras en Francia.  <\/p>\n<p>\u00bfPor qu\u00e9 es crucial este estudio en 2025? El mercado de la higiene y la belleza se est\u00e1 redefiniendo por completo, impulsado por unos consumidores cada vez mejor informados y m\u00e1s exigentes. La edici\u00f3n de 2025 pone de relieve las <strong>nuevas din\u00e1micas<\/strong> del sector: los cambios en el uso, las expectativas precisas de los clientes, las marcas l\u00edderes que est\u00e1n dejando su huella y los canales de distribuci\u00f3n que est\u00e1n experimentando el mayor crecimiento.  <\/p>\n<p>Un tema domina:<strong>la inclusividad estructural<\/strong>. Las mujeres afrofrancesas ya no esperan una simple adaptaci\u00f3n, sino que exigen que se tenga en cuenta la inclusividad desde la fase de dise\u00f1o del producto. Esto significa f\u00f3rmulas desarrolladas espec\u00edficamente para su piel y su cabello, una gama de maquillaje que cubra todos los tonos de piel y un reconocimiento genuino de sus necesidades \u00fanicas.  <\/p>\n<p>El estudio AK-A se posiciona as\u00ed como una herramienta estrat\u00e9gica esencial, proporcionando a los actores del sector de la belleza los datos necesarios para acabar con las aproximaciones y dise\u00f1ar productos realmente adaptados y respetuosos. La CNS, como encrucijada entre marcas y consumidores, es el lugar ideal para presentar los resultados de este estudio y entablar un debate constructivo sobre el futuro de la inclusividad en la belleza. <\/p>\n<hr>\n<p>Leer tambi\u00e9n<\/p>\n<ul>\n<li><a href=\"https:\/\/africafashiontour.com\/es\/el-mercado-afroamericano-de-la-belleza\/\">El mercado afroamericano de la belleza<\/a><\/li>\n<li><a href=\"https:\/\/africafashiontour.com\/es\/senegal-protagonista-de-la-academia-del-cabello-natural-2025-de-paris\/\">Senegal, protagonista de la Academia del cabello natural 2025 de Par\u00eds<\/a><\/li>\n<li><a href=\"https:\/\/africafashiontour.com\/es\/conferencia-de-colors-sobre-el-potencial-del-negocio-de-la-belleza\/\">Conferencia de Colors sobre el potencial del negocio de la belleza<\/a><\/li>\n<\/ul>\n","protected":false},"excerpt":{"rendered":"<p>Mucho m\u00e1s que un sal\u00f3n de belleza, la Natural Hair Academy (NHA) se ha convertido en la cita ineludible de las mujeres negras y mestizas en Europa, y en un aut\u00e9ntico motor del movimiento &#8220;pelo natural&#8221;.<\/p>\n","protected":false},"author":2,"featured_media":11255,"comment_status":"closed","ping_status":"closed","sticky":false,"template":"","format":"standard","meta":{"_et_pb_use_builder":"","_et_pb_old_content":"","_et_gb_content_width":"","footnotes":""},"categories":[156],"tags":[],"class_list":["post-11258","post","type-post","status-publish","format-standard","has-post-thumbnail","hentry","category-belleza"],"_links":{"self":[{"href":"https:\/\/africafashiontour.com\/es\/wp-json\/wp\/v2\/posts\/11258","targetHints":{"allow":["GET"]}}],"collection":[{"href":"https:\/\/africafashiontour.com\/es\/wp-json\/wp\/v2\/posts"}],"about":[{"href":"https:\/\/africafashiontour.com\/es\/wp-json\/wp\/v2\/types\/post"}],"author":[{"embeddable":true,"href":"https:\/\/africafashiontour.com\/es\/wp-json\/wp\/v2\/users\/2"}],"replies":[{"embeddable":true,"href":"https:\/\/africafashiontour.com\/es\/wp-json\/wp\/v2\/comments?post=11258"}],"version-history":[{"count":1,"href":"https:\/\/africafashiontour.com\/es\/wp-json\/wp\/v2\/posts\/11258\/revisions"}],"predecessor-version":[{"id":11280,"href":"https:\/\/africafashiontour.com\/es\/wp-json\/wp\/v2\/posts\/11258\/revisions\/11280"}],"wp:featuredmedia":[{"embeddable":true,"href":"https:\/\/africafashiontour.com\/es\/wp-json\/wp\/v2\/media\/11255"}],"wp:attachment":[{"href":"https:\/\/africafashiontour.com\/es\/wp-json\/wp\/v2\/media?parent=11258"}],"wp:term":[{"taxonomy":"category","embeddable":true,"href":"https:\/\/africafashiontour.com\/es\/wp-json\/wp\/v2\/categories?post=11258"},{"taxonomy":"post_tag","embeddable":true,"href":"https:\/\/africafashiontour.com\/es\/wp-json\/wp\/v2\/tags?post=11258"}],"curies":[{"name":"wp","href":"https:\/\/api.w.org\/{rel}","templated":true}]}}