{"id":12658,"date":"2026-04-08T13:05:51","date_gmt":"2026-04-08T11:05:51","guid":{"rendered":"https:\/\/africafashiontour.com\/mame-dorine-gueye-fundadora-del-medio-de-comunicacion-etoile-africaine\/"},"modified":"2026-04-08T21:01:05","modified_gmt":"2026-04-08T19:01:05","slug":"mame-dorine-gueye-fundadora-del-medio-de-comunicacion-etoile-africaine","status":"publish","type":"post","link":"https:\/\/africafashiontour.com\/es\/mame-dorine-gueye-fundadora-del-medio-de-comunicacion-etoile-africaine\/","title":{"rendered":"Mame Dorine Gueye, fundadora del medio de comunicaci\u00f3n Etoile Africaine"},"content":{"rendered":"<hr>\n<p><iframe id=\"ausha-fcfl\" style=\"border: none; width: 100%; height: 220px;\" src=\"https:\/\/player.ausha.co\/?showId=qxYJmIJ4O3gr&amp;color=%23000000&amp;multishow=false&amp;playlist=false&amp;dark=false&amp;t=0&amp;podcastId=8zQ34t1qjmx3&amp;v=3&amp;playerId=ausha-fcfl\" name=\"Ausha Podcast Player\" height=\"220\" frameborder=\"0\"><\/iframe><script src=\"https:\/\/player.ausha.co\/ausha-player.js\"><\/script><\/p>\n<hr>\n<p><span data-path-to-node=\"9,0\">En el mundo de los medios de comunicaci\u00f3n africanos, algunos nombres destacan por su capacidad para forjar v\u00ednculos m\u00e1s all\u00e1 de las fronteras. Mame Dorine Gueye es uno de ellos.   <\/span><span data-path-to-node=\"9,2\"><span class=\"citation-117\">Profesional de los medios de comunicaci\u00f3n desde hace dos d\u00e9cadas, encarna a esta nueva generaci\u00f3n de l\u00edderes que ya no se contentan con difundir informaci\u00f3n, sino que se comprometen a construir un legado visual y narrativo para el continente.<\/span><\/span><span data-path-to-node=\"9,4\">.<\/span><\/p>\n<h2 data-path-to-node=\"10\">Una carrera forjada por el dominio t\u00e9cnico<\/h2>\n<p id=\"p-rc_e9271fc38f1829f7-46\" data-path-to-node=\"11\"><span data-path-to-node=\"11,0\">Sin embargo, nada predestinaba a Dorine a una carrera en lo alto de la cartelera audiovisual. <\/span><span data-path-to-node=\"11,2\"><span class=\"citation-116\">Tras licenciarse en Lenguas Extranjeras Aplicadas en Orleans, sinti\u00f3 la necesidad de cambiar de rumbo profesional, ya que no ten\u00eda una vocaci\u00f3n clara durante sus a\u00f1os de secundaria en Senegal.<\/span><\/span><span data-path-to-node=\"11,4\">. <\/span><span data-path-to-node=\"11,6\"><span class=\"citation-115\">Fue durante una estancia en Londres cuando algo encaj\u00f3: animada por su cu\u00f1ado, se decant\u00f3 por el periodismo antes de ramificarse hacia una formaci\u00f3n m\u00e1s vers\u00e1til en t\u00e9cnicas de producci\u00f3n de v\u00eddeo.<\/span><\/span><\/p>\n<p data-path-to-node=\"11\"><span data-path-to-node=\"12,0\">Esta elecci\u00f3n estrat\u00e9gica la convierte en una aut\u00e9ntica &#8220;conductora&#8221; de la imagen. <\/span><span data-path-to-node=\"12,2\"><span class=\"citation-114\">Como directora de producci\u00f3n, aprende a controlar toda la cadena: desde el dise\u00f1o del presupuesto a la producci\u00f3n t\u00e9cnica, pasando por la emisi\u00f3n final.<\/span><\/span><span data-path-to-node=\"12,4\">. <\/span><span data-path-to-node=\"12,6\"><span class=\"citation-113\">Esta experiencia le abri\u00f3 las puertas de algunas de las mayores redacciones, como la de TFM en Senegal, antes de incorporarse al grupo Canal+ en 2014 para lanzar el canal panafricano A+.<\/span><\/span><span data-path-to-node=\"12,8\">.<\/span><\/p>\n<p data-path-to-node=\"11\"><img decoding=\"async\" class=\"aligncenter size-full wp-image-12647\" src=\"https:\/\/africafashiontour.com\/wp-content\/uploads\/2026\/04\/2-1.png\" alt=\"Youssou Ndour en la portada del medio Etoile Africaine\" width=\"819\" height=\"1024\" srcset=\"https:\/\/africafashiontour.com\/wp-content\/uploads\/2026\/04\/2-1.png 819w, https:\/\/africafashiontour.com\/wp-content\/uploads\/2026\/04\/2-1-480x600.png 480w\" sizes=\"(min-width: 0px) and (max-width: 480px) 480px, (min-width: 481px) 819px, 100vw\" \/><\/p>\n<h3 data-path-to-node=\"13\">El nacimiento de un medio comprometido<\/h3>\n<p id=\"p-rc_e9271fc38f1829f7-48\" data-path-to-node=\"14\"><span data-path-to-node=\"14,1\"><span class=\"citation-112\">Durante sus a\u00f1os como directora de programas de A+ Afrique y A+ Ivoire, Dorine recorri\u00f3 el continente, reuni\u00e9ndose con creadores, empresarios e intelectuales.<\/span><\/span><span data-path-to-node=\"14,3\">. <\/span><span data-path-to-node=\"14,5\"><span class=\"citation-111\">Ah\u00ed naci\u00f3 una frustraci\u00f3n: la de no poder ofrecer una plataforma a todo ese talento, por falta de espacio o de presupuestos publicitarios accesibles.<\/span><\/span><span data-path-to-node=\"14,7\">.<\/span><\/p>\n<p data-path-to-node=\"14\"><span data-path-to-node=\"15,1\"><span class=\"citation-110\">En 2022, dio el paso y lanz\u00f3 su propio medio de comunicaci\u00f3n, con el apoyo de la revista <\/span><i data-path-to-node=\"15,1\" data-index-in-node=\"79\"><span class=\"citation-110\">\u00c9toile Africaine<\/span><\/i><\/span><span data-path-to-node=\"15,3\">. <\/span><span data-path-to-node=\"15,5\"><span class=\"citation-109\">Si bien la aventura comenz\u00f3 en el frente digital con un canal de YouTube y una revista web, Dorine se adelant\u00f3 r\u00e1pidamente a la tendencia lanzando una versi\u00f3n impresa.<\/span><\/span><span data-path-to-node=\"15,7\">. <\/span><span data-path-to-node=\"15,9\"><span class=\"citation-108\">&#8220;Seguimos necesitando tocarnos, ver nuestra imagen grabada en un soporte&#8221;, explica, subrayando que la realidad africana sigue profundamente apegada al objeto f\u00edsico y al prestigio de la letra impresa.<\/span><\/span><span data-path-to-node=\"15,11\">.<\/span><\/p>\n<p data-path-to-node=\"14\"><img decoding=\"async\" class=\"aligncenter size-full wp-image-12651\" src=\"https:\/\/africafashiontour.com\/wp-content\/uploads\/2026\/04\/1-1.png\" alt=\"Etoile Africaine media\" width=\"819\" height=\"1024\" srcset=\"https:\/\/africafashiontour.com\/wp-content\/uploads\/2026\/04\/1-1.png 819w, https:\/\/africafashiontour.com\/wp-content\/uploads\/2026\/04\/1-1-480x600.png 480w\" sizes=\"(min-width: 0px) and (max-width: 480px) 480px, (min-width: 481px) 819px, 100vw\" \/><\/p>\n<h3 data-path-to-node=\"16\">Un puente entre culturas y generaciones<\/h3>\n<p id=\"p-rc_e9271fc38f1829f7-50\" data-path-to-node=\"17\"><span data-path-to-node=\"17,1\"><span class=\"citation-107\">La pol\u00edtica editorial de Dorine es clara: por encima de todo, se centra en las personas y sus vidas.<\/span><\/span><span data-path-to-node=\"17,3\">. Su revista bimestral no se limita al \u00c1frica franc\u00f3fona.  <\/span><span data-path-to-node=\"17,5\"><span class=\"citation-106\">Su ambici\u00f3n es incluir secciones angl\u00f3fonas y ya ha forjado s\u00f3lidas alianzas con la di\u00e1spora, en particular a trav\u00e9s de una asociaci\u00f3n senegalesa-guadalupe\u00f1a para mostrar los talentos de las Antillas francesas.<\/span><\/span><span data-path-to-node=\"17,7\">.<\/span><\/p>\n<p data-path-to-node=\"17\"><span data-path-to-node=\"18,0\">Adem\u00e1s de editora, Dorine es activista de base. <\/span><span data-path-to-node=\"18,2\"><span class=\"citation-105\">Vicepresidenta de la secci\u00f3n senegalesa de la Red de Mujeres L\u00edderes Africanas, est\u00e1 comprometida con el liderazgo femenino y las grandes causas sociales, como la higiene menstrual y la lucha contra el VIH.<\/span><\/span><span data-path-to-node=\"18,4\">. <\/span><span data-path-to-node=\"18,6\"><span class=\"citation-104\">Para ella, el \u00e9xito de una mujer es un motor para toda su comunidad.<\/span><\/span><span data-path-to-node=\"18,8\">.<\/span><\/p>\n<h3 data-path-to-node=\"19\">Una visi\u00f3n de futuro<\/h3>\n<p id=\"p-rc_e9271fc38f1829f7-52\" data-path-to-node=\"20\"><span data-path-to-node=\"20,1\"><span class=\"citation-103\">Hoy, con m\u00e1s de 22 publicaciones en su haber, <\/span><i data-path-to-node=\"20,1\" data-index-in-node=\"52\"><span class=\"citation-103\">\u00c9toile Africaine<\/span><\/i><span class=\"citation-103\"> se ha convertido en un sello de calidad, disponible en aeropuertos y librer\u00edas de Mal\u00ed a Costa de Marfil, pasando por Par\u00eds.<\/span><\/span><span data-path-to-node=\"20,3\">. <\/span><span data-path-to-node=\"20,5\"><span class=\"citation-102\">\u00c9toile Africaine no se limita a contar historias; organiza conferencias, como el ciclo &#8220;Lengua&#8221;, y acompa\u00f1a grandes acontecimientos, como el Salon des industries africaines.<\/span><\/span><span data-path-to-node=\"20,7\">.<\/span><\/p>\n<p data-path-to-node=\"20\"><span data-path-to-node=\"21,1\"><span class=\"citation-101\">Al desenterrar a estos &#8220;talentos invisibles&#8221; que no ocupan necesariamente los titulares de los peri\u00f3dicos tradicionales, Mame Dorine Gueye se ha consolidado como un actor importante de la comunicaci\u00f3n africana.<\/span><\/span><span data-path-to-node=\"21,3\">. \u00bfSu secreto?  <\/span><span data-path-to-node=\"21,5\"><span class=\"citation-100\">Transformar cada entrevista en una conexi\u00f3n humana duradera, demostrando que en la era digital, la proximidad y la autenticidad siguen siendo las mejores estrategias para llegar a la gente.<\/span><\/span><span data-path-to-node=\"21,7\">.<\/span><\/p>\n<hr>\n<p data-path-to-node=\"20\">Leer tambi\u00e9n<\/p>\n<ul>\n<li data-path-to-node=\"20\"><a href=\"https:\/\/africafashiontour.com\/es\/marie-jeanne-serbin-thomas-redactora-jefe-de-brune-magazine\/\">Marie-Jeanne Serbin Thomas, redactora jefe de Brune Magazine<\/a><\/li>\n<li data-path-to-node=\"20\"><a href=\"https:\/\/africafashiontour.com\/es\/dan-hastings-periodista-de-moda\/\">Dan Hastings, periodista de moda<\/a><\/li>\n<\/ul>\n","protected":false},"excerpt":{"rendered":"<p>Mame Dorine Gueye, antigua directora de programas del grupo Canal+ y figura destacada de la radiodifusi\u00f3n panafricana, ha cambiado la comodidad de las grandes cadenas por la aventura empresarial. Con el lanzamiento de la revista \u00c9toile Africaine, se ha propuesto dar a conocer a los &#8220;talentos invisibles&#8221; que hacen latir el coraz\u00f3n del continente.   <\/p>\n","protected":false},"author":2,"featured_media":12646,"comment_status":"closed","ping_status":"closed","sticky":false,"template":"","format":"standard","meta":{"_et_pb_use_builder":"","_et_pb_old_content":"","_et_gb_content_width":"","footnotes":""},"categories":[144,136],"tags":[],"class_list":["post-12658","post","type-post","status-publish","format-standard","has-post-thumbnail","hentry","category-en-el-punto-de-mira","category-podcast-es"],"_links":{"self":[{"href":"https:\/\/africafashiontour.com\/es\/wp-json\/wp\/v2\/posts\/12658","targetHints":{"allow":["GET"]}}],"collection":[{"href":"https:\/\/africafashiontour.com\/es\/wp-json\/wp\/v2\/posts"}],"about":[{"href":"https:\/\/africafashiontour.com\/es\/wp-json\/wp\/v2\/types\/post"}],"author":[{"embeddable":true,"href":"https:\/\/africafashiontour.com\/es\/wp-json\/wp\/v2\/users\/2"}],"replies":[{"embeddable":true,"href":"https:\/\/africafashiontour.com\/es\/wp-json\/wp\/v2\/comments?post=12658"}],"version-history":[{"count":2,"href":"https:\/\/africafashiontour.com\/es\/wp-json\/wp\/v2\/posts\/12658\/revisions"}],"predecessor-version":[{"id":12692,"href":"https:\/\/africafashiontour.com\/es\/wp-json\/wp\/v2\/posts\/12658\/revisions\/12692"}],"wp:featuredmedia":[{"embeddable":true,"href":"https:\/\/africafashiontour.com\/es\/wp-json\/wp\/v2\/media\/12646"}],"wp:attachment":[{"href":"https:\/\/africafashiontour.com\/es\/wp-json\/wp\/v2\/media?parent=12658"}],"wp:term":[{"taxonomy":"category","embeddable":true,"href":"https:\/\/africafashiontour.com\/es\/wp-json\/wp\/v2\/categories?post=12658"},{"taxonomy":"post_tag","embeddable":true,"href":"https:\/\/africafashiontour.com\/es\/wp-json\/wp\/v2\/tags?post=12658"}],"curies":[{"name":"wp","href":"https:\/\/api.w.org\/{rel}","templated":true}]}}