{"id":15003,"date":"2026-08-21T16:27:33","date_gmt":"2026-08-21T14:27:33","guid":{"rendered":"https:\/\/africafashiontour.com\/flora-coquerel-la-reina-de-belleza-franco-beninesa-que-ha-puesto-de-relieve-la-diversidad-cultural\/"},"modified":"2026-08-21T16:27:33","modified_gmt":"2026-08-21T14:27:33","slug":"flora-coquerel-la-reina-de-belleza-franco-beninesa-que-ha-puesto-de-relieve-la-diversidad-cultural","status":"publish","type":"post","link":"https:\/\/africafashiontour.com\/es\/flora-coquerel-la-reina-de-belleza-franco-beninesa-que-ha-puesto-de-relieve-la-diversidad-cultural\/","title":{"rendered":"Flora Coquerel: la reina de belleza franco-beninesa que ha puesto de relieve la diversidad cultural"},"content":{"rendered":"<p dir=\"ltr\">Hay rostros que, por s\u00ed solos, cuentan una historia de puentes entre dos continentes. El de <strong>Flora Coquerel<\/strong> es uno de ellos. Coronada con apenas diecinueve a\u00f1os, esta <strong>franco-beninesa<\/strong> de sonrisa radiante no solo gan\u00f3 el concurso m\u00e1s visto del panorama televisivo franc\u00e9s: encarn\u00f3, durante el tiempo que dur\u00f3 <strong>su reinado<\/strong>, una Francia plural y orgullosa de sus ra\u00edces africanas. M\u00e1s de una d\u00e9cada despu\u00e9s,<strong>la antigua Miss Francia<\/strong> sigue siendo una figura imprescindible de la <strong>moda<\/strong> francesa, una embajadora de la belleza mestiza y una emprendedora comprometida cuyo coraz\u00f3n sigue latiendo por <strong>Ben\u00edn<\/strong>. Repasamos la trayectoria de una <strong>reina de la belleza<\/strong> convertida en icono.    <\/p>\n<h2 dir=\"ltr\">Una infancia marcada por dos culturas<\/h2>\n<p dir=\"ltr\"><strong>Flora Coquerel naci\u00f3<\/strong> el <strong>14 de abril de 1994 en Mont-Saint-Aignan<\/strong>, en <strong>Sena Mar\u00edtimo<\/strong>. <strong>Nacida el 14 de abril de 1994<\/strong>, creci\u00f3 posteriormente en Eure-et-Loir, cerca de Chartres, en el seno de una familia de tres hermanos. Pero para comprender a la mujer en la que se ha convertido, hay que remontarse a una historia familiar profundamente ligada a \u00c1frica Occidental. <\/p>\n<p dir=\"ltr\">Su padre, un joven entusiasta del progreso, se march\u00f3 a Ben\u00edn cuando ten\u00eda unos veinte a\u00f1os para participar en el desarrollo de t\u00e9cnicas agr\u00edcolas y ganaderas. Fue all\u00ed, en tierras <strong>beninesas<\/strong>, donde conoci\u00f3 a la que se convertir\u00eda en la madre de Flora. De vuelta en Francia, la pareja no dej\u00f3 de tejer lazos entre ambos pa\u00edses a trav\u00e9s de iniciativas ben\u00e9ficas. As\u00ed pues, la peque\u00f1a Flora crece, desde su infancia, en un entorno en el que el compromiso <strong>humanitario<\/strong> y la doble cultura son algo natural. Es <strong>francesa y beninesa<\/strong>, y nunca concibe estas dos identidades m\u00e1s que como una riqueza.    <\/p>\n<p dir=\"ltr\">Antes de saltar a la fama, la joven se orient\u00f3 hacia el mundo empresarial. Comenz\u00f3 un BTS en <strong>comercio internacional<\/strong>, una carrera que ya pon\u00eda de manifiesto su apertura al mundo y su ambici\u00f3n. El mundo del modelaje y los concursos de belleza no figuraban entonces entre sus sue\u00f1os de infancia: fue casi por casualidad, animada por su entorno, cuando un d\u00eda cruz\u00f3 las puertas de un <strong>concurso de Miss<\/strong>.  <\/p>\n<h2 dir=\"ltr\">Del concurso de Miss Orl\u00e9anais a la coronaci\u00f3n nacional<\/h2>\n<p><img loading=\"lazy\" decoding=\"async\" class=\"aligncenter wp-image-14988 size-large\" src=\"https:\/\/africafashiontour.com\/wp-content\/uploads\/2026\/08\/1085610-flora-coquerel-franco-beninoise-agee-de-19-ans-a-ete-elue-miss-france-2014-1024x682.jpg\" alt=\"Flora Coquerel. Africa Fashion Tour\" width=\"1024\" height=\"682\" srcset=\"https:\/\/africafashiontour.com\/wp-content\/uploads\/2026\/08\/1085610-flora-coquerel-franco-beninoise-agee-de-19-ans-a-ete-elue-miss-france-2014-980x653.jpg 980w, https:\/\/africafashiontour.com\/wp-content\/uploads\/2026\/08\/1085610-flora-coquerel-franco-beninoise-agee-de-19-ans-a-ete-elue-miss-france-2014-480x320.jpg 480w\" sizes=\"(min-width: 0px) and (max-width: 480px) 480px, (min-width: 481px) and (max-width: 980px) 980px, (min-width: 981px) 1024px, 100vw\" \/><\/p>\n<p dir=\"ltr\">El primer gran hito se produjo en oto\u00f1o de 2013. El <strong>6 de octubre de 2013<\/strong>, Flora Coquerel gan\u00f3 el <strong>concurso de Miss Orl\u00e9anais<\/strong> y se convirti\u00f3 as\u00ed en la primera joven de su regi\u00f3n en conseguir este t\u00edtulo regional. Una victoria que le abri\u00f3 las puertas a la aventura nacional.  <\/p>\n<p dir=\"ltr\">Unas semanas m\u00e1s tarde, en <strong>diciembre de 2013<\/strong>, se celebr\u00f3 el certamen de <strong>Miss Francia 2014<\/strong>, organizado ese a\u00f1o en el Z\u00e9nith de Dijon, en Borgo\u00f1a. Ante millones de telespectadores, la candidata de la regi\u00f3n de Orl\u00e9ans dio la sorpresa. Frente a sus rivales, fue ella quien result\u00f3 <strong>elegida Miss Francia 2014<\/strong>. El <strong>t\u00edtulo de Miss Francia<\/strong> le fue entregado por su predecesora, <strong>Marine Lorphelin<\/strong>,<strong>la ex Miss Borgo\u00f1a<\/strong> que llevaba un a\u00f1o en el cargo, bajo la direcci\u00f3n de la entonces directora de la sociedad Miss Francia, <strong>Sylvie Tellier<\/strong>.   <\/p>\n<p dir=\"ltr\">Convertirse <strong>en Miss Francia<\/strong>, para alguien que ni siquiera lo hab\u00eda imaginado, lo cambia todo. La <strong>coronaci\u00f3n como Miss Francia<\/strong> catapulta en una sola noche a esta estudiante de <strong>comercio internacional<\/strong> al estatus de figura p\u00fablica. Pero el acontecimiento no pasa sin causar revuelo. Al d\u00eda siguiente de su <strong>elecci\u00f3n como Miss Francia<\/strong>, una parte del p\u00fablico se fija en sus or\u00edgenes mestizos. Lejos de dejarse desestabilizar, la joven asume plenamente su historia y reivindica el derecho a representar una Francia cosmopolita y plural, a imagen del pa\u00eds real. Esa <strong>mezcla \u00e9tnica<\/strong> que algunos critican, ella, por el contrario, la convierte en su estandarte. En este sentido, <strong>Miss Francia ha<\/strong> abierto una brecha: la de una belleza que no tiene un \u00fanico color, la de una reina de la belleza que luce con orgullo la mezcla de sus ascendencias europea y africana.      <\/p>\n<p dir=\"ltr\">Esta <strong>coronaci\u00f3n<\/strong> se inscribe en una tradici\u00f3n de <strong>Miss Francia<\/strong> procedentes de todos los \u00e1mbitos. Antes que ella, rostros como el de <strong>Malika M\u00e9nard<\/strong> hab\u00edan dejado huella; despu\u00e9s de ella, otras j\u00f3venes como <strong>Iris Mittenaere<\/strong>, <strong>Alicia Aylies<\/strong> o <strong>Amandine Petit<\/strong> llevar\u00edan a su vez la corona y dar\u00edan vida a este <strong>concurso de belleza<\/strong> de casi un siglo de historia. <\/p>\n<h2 dir=\"ltr\">Miss Mundo, Miss Universo: el prestigio internacional<\/h2>\n<p dir=\"ltr\">El <strong>certamen de Miss Francia<\/strong> no suele ser m\u00e1s que un primer paso. Como ganadora, <strong>tras convertirse en Miss Francia<\/strong>, Flora Coquerel representa a Francia en la escena internacional. Participa en el certamen <strong>de Miss Mundo<\/strong> en 2014 y, al a\u00f1o siguiente, en el <strong>de Miss Universo<\/strong>.  <\/p>\n<p dir=\"ltr\">De hecho, fue en <strong>Miss Universo<\/strong> donde la joven logr\u00f3 uno de los mejores resultados de Francia en las \u00faltimas d\u00e9cadas. En 2015, se situ\u00f3 entre las cinco primeras clasificadas del prestigioso <strong>concurso de belleza<\/strong> mundial, un puesto que ninguna candidata francesa hab\u00eda alcanzado en m\u00e1s de sesenta a\u00f1os. Este resultado, aclamado mucho m\u00e1s all\u00e1 de las fronteras, confirma el prestigio de<strong>la ex Miss Francia<\/strong> y su soltura en las pasarelas m\u00e1s exigentes. La comparaci\u00f3n es elocuente: all\u00ed donde <strong>Iris Mittenaere y Flora Coquerel<\/strong> han brillado cada una a nivel internacional \u2014la primera incluso se alz\u00f3 con el t\u00edtulo supremo de <strong>Miss Universo<\/strong> en 2016\u2014, estas j\u00f3venes han contribuido a situar de nuevo a Francia en el centro de los grandes eventos mundiales de belleza.   <\/p>\n<h2 dir=\"ltr\">Kelina: cuando la corona se pone al servicio de Ben\u00edn<\/h2>\n<p dir=\"ltr\">Si tuvi\u00e9ramos que quedarnos con una sola cosa de la era pos-pand\u00e9mica, sin duda ser\u00eda esta: Flora Coquerel nunca ha considerado su <strong>t\u00edtulo de Miss Francia<\/strong> como un fin en s\u00ed mismo, sino como un formidable altavoz. Fiel al legado familiar, decide continuar con la labor que iniciaron sus padres en Ben\u00edn. <\/p>\n<p dir=\"ltr\">Estos \u00faltimos hab\u00edan fundado la asociaci\u00f3n <strong>Inter-Action B\u00e9nin<\/strong>, dedicada al desarrollo local. Junto a ellos, <strong>Flora Coquerel cre\u00f3<\/strong> su propia organizaci\u00f3n:<strong>la asociaci\u00f3n Kelina<\/strong>. <strong>Kelina<\/strong>, un aut\u00e9ntico proyecto familiar, trabaja principalmente en los \u00e1mbitos de la salud y la educaci\u00f3n, con una convicci\u00f3n: responder a las necesidades reales expresadas por los habitantes en lugar de imponer soluciones venidas de fuera. La antigua reina aprovecha su a\u00f1o de reinado para dar una resonancia sin precedentes a esta causa <strong>humanitaria<\/strong>.   <\/p>\n<p dir=\"ltr\">Con el paso de los a\u00f1os, los proyectos han ido cobrando mayor envergadura. El s\u00edmbolo m\u00e1s significativo de este compromiso es, sin duda, la maternidad <strong>Nana Zalia<\/strong>, concebida y financiada por<strong>la asociaci\u00f3n Kelina<\/strong> en una regi\u00f3n donde el acceso a la atenci\u00f3n sanitaria para las madres y los reci\u00e9n nacidos segu\u00eda siendo precario. Tras varios a\u00f1os de trabajo, esta maternidad acab\u00f3 abriendo sus puertas, ofreciendo a las mujeres de la zona un lugar digno y seguro para dar a luz: un avance concreto, muy lejos del brillo de las pasarelas. Para financiar estas iniciativas,<strong>la ex Miss Francia Flora Coquerel<\/strong> no duda en organizar galas ben\u00e9ficas que re\u00fanen a numerosas personalidades del mundo de los medios de comunicaci\u00f3n, y su labor ha sido reconocida en varias ocasiones, en particular como asociaci\u00f3n \u00abfavorita\u00bb de un gran grupo franc\u00e9s de lujo.   <\/p>\n<p dir=\"ltr\">Lo que llama la atenci\u00f3n es la constancia de este compromiso. Un <strong>concurso de Miss<\/strong> solo dura una noche, un reinado, un a\u00f1o; la labor en Ben\u00edn, en cambio, se ha prolongado en el tiempo, mucho despu\u00e9s de que la corona hubiera cambiado de due\u00f1a. La asociaci\u00f3n ha celebrado varios aniversarios y ha sido galardonada en numerosas ocasiones, tanto en Francia como en Ben\u00edn, tanto por el sector asociativo como por el p\u00fablico en general. All\u00ed donde la atenci\u00f3n medi\u00e1tica se desvanece de forma natural una vez que el <strong>t\u00edtulo de Miss Francia<\/strong> pasa a la siguiente ganadora, Flora Coquerel ha optado por mantenerse fiel a una causa que la trasciende, impulsada por los lazos familiares que a\u00fan la unen a esta tierra donde vive parte de su familia.   <\/p>\n<p dir=\"ltr\">Esta dimensi\u00f3n solidaria explica en parte por qu\u00e9 el nombre de Flora Coquerel tiene tanto eco entre el p\u00fablico africano y la di\u00e1spora. Mientras que muchos ven en un <strong>concurso de Miss<\/strong> solo un par\u00e9ntesis glamuroso, ella ha sabido transformar su fama en una palanca de desarrollo para el continente de su madre. <\/p>\n<h2 dir=\"ltr\">Flora Coquerel y la moda: una presencia que no pasa desapercibida<\/h2>\n<p><img loading=\"lazy\" decoding=\"async\" class=\"aligncenter wp-image-14993 size-large\" src=\"https:\/\/africafashiontour.com\/wp-content\/uploads\/2026\/08\/39610301-1024x683.webp\" alt=\"Flora Coquerel. Africa Fashion Tour\" width=\"1024\" height=\"683\" srcset=\"https:\/\/africafashiontour.com\/wp-content\/uploads\/2026\/08\/39610301-980x653.webp 980w, https:\/\/africafashiontour.com\/wp-content\/uploads\/2026\/08\/39610301-480x320.webp 480w\" sizes=\"(min-width: 0px) and (max-width: 480px) 480px, (min-width: 481px) and (max-width: 980px) 980px, (min-width: 981px) 1024px, 100vw\" \/><\/p>\n<p dir=\"ltr\">Aunque el compromiso ocupa un lugar central en su vida, <strong>la Miss Francia del mundo de la moda<\/strong> nunca ha dado la espalda al mundo de la moda y la belleza, sino todo lo contrario. Tras su mandato, aquella que en su d\u00eda so\u00f1aba con convertirse en dise\u00f1adora se inscribi\u00f3 en una agencia de modelos y multiplic\u00f3 las colaboraciones con prestigiosas marcas. <\/p>\n<p dir=\"ltr\">Su cita de moda m\u00e1s emblem\u00e1tica sigue siendo, sin duda, el <strong>desfile de Etam<\/strong>. Cada a\u00f1o,<strong>el Etam Live Show<\/strong> inaugura la Semana de la Moda de Par\u00eds en un ambiente que combina lencer\u00eda, m\u00fasica y espect\u00e1culos esc\u00e9nicos. Flora Coquerel se ha convertido en una habitual de las pasarelas, a menudo rodeada de otras antiguas reinas de belleza. As\u00ed, hemos visto desfilar juntas a varias generaciones de <strong>Miss Francia<\/strong>: <strong>Iris Mittenaere<\/strong>, <strong>Alicia Aylies<\/strong>, <strong>Amandine Petit<\/strong> o incluso Flora, reunidas bajo los focos para celebrar la feminidad. Este reencuentro es testimonio de una hermandad duradera entre <strong>las Miss Francia<\/strong>, mucho despu\u00e9s de que las coronas hayan cambiado de due\u00f1a.    <\/p>\n<p dir=\"ltr\"><strong>La ex Miss Francia Flora Coquerel<\/strong> tambi\u00e9n destaca en un \u00e1mbito m\u00e1s refinado: el de la alta costura. Se la ha podido ver, entre otros, en <strong>el desfile de St\u00e9phane Rolland<\/strong>, donde la arquitectura escultural de las creaciones del dise\u00f1ador se adapta a la perfecci\u00f3n a su esbelta silueta. Su presencia en los grandes eventos no se queda ah\u00ed: cada primavera, la reina de la belleza es una de las figuras que se ven en <strong>el Festival de Cannes<\/strong>, subiendo las famosas escaleras del Palacio de Festivales con atuendos que no pasan desapercibidos, entre vestidos con atrevidas aberturas y una elegancia sobria.  <\/p>\n<p dir=\"ltr\">Mujer de negocios de coraz\u00f3n \u2014su t\u00edtulo de <strong>t\u00e9cnico<\/strong> superior <strong>en comercio internacional<\/strong> no fue una casualidad\u2014, adem\u00e1s ha multiplicado los proyectos personales, llegando incluso a desarrollar su propio enfoque en el \u00e1mbito de la cosm\u00e9tica. Esa vena emprendedora, poco habitual entre las ganadoras de un <strong>concurso de belleza<\/strong>, a\u00f1ade otra baza a su haber y ampl\u00eda, en el \u00e1mbito econ\u00f3mico, la independencia que ha reivindicado desde sus inicios. <\/p>\n<p dir=\"ltr\">M\u00e1s all\u00e1 de las pasarelas,<strong>la ex Miss<\/strong> se ha consolidado como una embajadora muy solicitada en el mundo de la belleza. Grandes marcas de cosm\u00e9tica y cuidado personal han recurrido a su imagen, seducidas por una personalidad moderna, en sinton\u00eda con su generaci\u00f3n y representativa de una belleza mestiza que a\u00fan es demasiado poco habitual en la publicidad. Como creadora de contenidos, tambi\u00e9n ha prestado su voz y su imagen a documentales que celebran la moda afro: a trav\u00e9s del \u00abwax\u00bb, ese tejido colorido que se ha convertido en emblema de <strong>la mezcla<\/strong> cultural, pone de relieve a los dise\u00f1adores afrodescendientes y su creciente influencia en la moda contempor\u00e1nea.  <\/p>\n<h2 dir=\"ltr\">Un icono de la belleza que inspira a toda una generaci\u00f3n<\/h2>\n<p dir=\"ltr\">Lo que distingue a Flora Coquerel de muchas otras ganadoras del <strong>concurso de Miss Francia<\/strong> es su capacidad para tender puentes entre dos mundos. Es, a la vez, la heredera de una tradici\u00f3n muy francesa \u2014la del<strong>certamen de Miss<\/strong> y sus ceremonias, seguidas por millones de personas\u2014 y el rostro de una modernidad orientada hacia \u00c1frica. <\/p>\n<p dir=\"ltr\">Para un medio como este, dedicado a la moda y la belleza africanas, su trayectoria resulta especialmente inspiradora. He aqu\u00ed a una mujer que nunca ha tenido que elegir entre sus dos identidades: <strong>francesa y beninesa<\/strong>; ha convertido su <strong>mestizaje<\/strong> en una fuerza creativa y en un compromiso de vida. Su trayectoria nos recuerda que la belleza negra y mestiza tiene todo su lugar en las pasarelas m\u00e1s importantes, desde las escaleras de Cannes hasta <strong>el desfile de Etam<\/strong>, y que la fama puede ir de la mano del sentido, cuando una corona se transforma en maternidad en el coraz\u00f3n de <strong>Ben\u00edn<\/strong>.  <\/p>\n<p dir=\"ltr\">Desde su etapa como joven estudiante de <strong>comercio internacional<\/strong> hasta convertirse en la emprendedora comprometida que es hoy, pasando por su <strong>coronaci\u00f3n como Miss Francia<\/strong> en <strong>diciembre de 2013<\/strong>, Flora Coquerel ha trazado un camino singular. Para muchos, sigue siendo mucho m\u00e1s que una <strong>ex Miss Francia de<\/strong> \u00e9xito: una embajadora del di\u00e1logo entre Francia y \u00c1frica, una <strong>reina de belleza<\/strong> que ha sabido dar sentido a su t\u00edtulo y una fuente de inspiraci\u00f3n para todas aquellas que se reconocen en la riqueza del mestizaje. <\/p>\n<p dir=\"ltr\">Aunque siguen sucedi\u00e9ndose nuevas generaciones de <strong>Miss Francia<\/strong>, la huella que dej\u00f3 la ganadora <strong>de Miss Francia 2014<\/strong> sigue siendo imborrable. No solo porque fue <strong>elegida Miss Francia 2014<\/strong> una noche de diciembre en Dijon, sino porque ha demostrado, a\u00f1o tras a\u00f1o, que una corona puede ir de la mano de las convicciones, y que la belleza m\u00e1s hermosa es quiz\u00e1 aquella que irradia mucho m\u00e1s all\u00e1 de las pasarelas. <\/p>\n<p dir=\"ltr\"><em>\u00bfTe apetece saber m\u00e1s sobre la belleza africana? Nuestro <a href=\"https:\/\/africafashiontour.com\/es\/category\/belleza\/\">dossier especial<\/a> responde a estas preguntas con todo detalle. <\/em><\/p>\n","protected":false},"excerpt":{"rendered":"<p>Coronada Miss Francia 2014 con apenas diecinueve a\u00f1os, Flora Coquerel ha hecho de su origen franco-benin\u00e9s un estandarte. De reina de belleza a icono de la moda y fundadora de la asociaci\u00f3n Kelina, encarna un puente singular entre Francia y \u00c1frica. <\/p>\n","protected":false},"author":17,"featured_media":14979,"comment_status":"closed","ping_status":"closed","sticky":false,"template":"","format":"standard","meta":{"_et_pb_use_builder":"","_et_pb_old_content":"","_et_gb_content_width":"","footnotes":""},"categories":[156],"tags":[],"class_list":["post-15003","post","type-post","status-publish","format-standard","has-post-thumbnail","hentry","category-belleza"],"_links":{"self":[{"href":"https:\/\/africafashiontour.com\/es\/wp-json\/wp\/v2\/posts\/15003","targetHints":{"allow":["GET"]}}],"collection":[{"href":"https:\/\/africafashiontour.com\/es\/wp-json\/wp\/v2\/posts"}],"about":[{"href":"https:\/\/africafashiontour.com\/es\/wp-json\/wp\/v2\/types\/post"}],"author":[{"embeddable":true,"href":"https:\/\/africafashiontour.com\/es\/wp-json\/wp\/v2\/users\/17"}],"replies":[{"embeddable":true,"href":"https:\/\/africafashiontour.com\/es\/wp-json\/wp\/v2\/comments?post=15003"}],"version-history":[{"count":0,"href":"https:\/\/africafashiontour.com\/es\/wp-json\/wp\/v2\/posts\/15003\/revisions"}],"wp:featuredmedia":[{"embeddable":true,"href":"https:\/\/africafashiontour.com\/es\/wp-json\/wp\/v2\/media\/14979"}],"wp:attachment":[{"href":"https:\/\/africafashiontour.com\/es\/wp-json\/wp\/v2\/media?parent=15003"}],"wp:term":[{"taxonomy":"category","embeddable":true,"href":"https:\/\/africafashiontour.com\/es\/wp-json\/wp\/v2\/categories?post=15003"},{"taxonomy":"post_tag","embeddable":true,"href":"https:\/\/africafashiontour.com\/es\/wp-json\/wp\/v2\/tags?post=15003"}],"curies":[{"name":"wp","href":"https:\/\/api.w.org\/{rel}","templated":true}]}}