{"id":15146,"date":"2026-09-02T13:35:45","date_gmt":"2026-09-02T11:35:45","guid":{"rendered":"https:\/\/africafashiontour.com\/por-que-la-moda-africana-debe-reinventar-sus-propios-medios-de-comunicacion\/"},"modified":"2026-09-02T13:35:45","modified_gmt":"2026-09-02T11:35:45","slug":"por-que-la-moda-africana-debe-reinventar-sus-propios-medios-de-comunicacion","status":"publish","type":"post","link":"https:\/\/africafashiontour.com\/es\/por-que-la-moda-africana-debe-reinventar-sus-propios-medios-de-comunicacion\/","title":{"rendered":"\u00bfPor qu\u00e9 la moda africana debe reinventar sus propios medios de comunicaci\u00f3n?"},"content":{"rendered":"<h2 data-pm-slice=\"1 1 []\">\u00bfC\u00f3mo dictan los conglomerados del lujo la cobertura medi\u00e1tica mundial?<\/h2>\n<p data-pm-slice=\"1 1 []\">Para comprender por qu\u00e9 a los dise\u00f1adores independientes les cuesta tanto conseguir visibilidad en las principales publicaciones internacionales, es imprescindible analizar a fondo el modelo econ\u00f3mico de la prensa de moda. Grupos hist\u00f3ricos como Cond\u00e9 Nast han construido su poder\u00edo sobre la venta de espacios publicitarios, financiados casi en su totalidad por los gigantes mundiales del lujo, como LVMH o Kering. Incluso plataformas de an\u00e1lisis consideradas independientes, como Business of Fashion, cuentan entre sus accionistas con grupos de ese calibre.  <\/p>\n<p>Esta realidad financiera influye directamente en las decisiones editoriales. Las redacciones conceden, como es l\u00f3gico, prioridad a las marcas que compran p\u00e1ginas completas. Los pocos dise\u00f1adores emergentes que logran abrirse paso en estas p\u00e1ginas suelen ser ganadores o finalistas de premios institucionales financiados por esos mismos conglomerados, como es el caso del Premio LVMH. Por lo tanto, esperar una cobertura espont\u00e1nea y gratuita en una revista como Vogue es una ilusi\u00f3n. La prensa de moda tradicional no es una galer\u00eda filantr\u00f3pica, sino una industria comercial alineada con los intereses de quienes la financian.    <\/p>\n<h2>Un medio de comunicaci\u00f3n, una audiencia<\/h2>\n<p data-pm-slice=\"1 1 []\">La b\u00fasqueda de reconocimiento en las p\u00e1ginas de *Vogue USA* o *Vogue France* genera una enorme frustraci\u00f3n entre muchos creadores del continente. Sin embargo, un an\u00e1lisis estrat\u00e9gico del panorama medi\u00e1tico permite relativizar esta obsesi\u00f3n. Algunas ediciones internacionales, como *Vogue* Italia, *Vogue* Portugal o *Vogue* Corea del Sur, han demostrado hist\u00f3ricamente una mayor apertura hacia los talentos emergentes y la diversidad de narrativas.  <\/p>\n<p>Sobre todo, una marca debe alinear imperativamente su estrategia de comunicaci\u00f3n con su p\u00fablico objetivo real. La mayor\u00eda de las marcas africanas de pr\u00eat-\u00e0-porter de alta gama y de lujo se dirigen prioritariamente a las \u00e9lites locales, a las clases medias altas del continente y a las di\u00e1sporas comprometidas. Para llegar a este p\u00fablico, que tiene poder de decisi\u00f3n y es influyente, aparecer en publicaciones especializadas como Amina, Brune, Elle Afrique francophone o Rolling Stone Nigeria resulta infinitamente m\u00e1s rentable y relevante que un anuncio ef\u00edmero en una revista occidental cuya audiencia no comprar\u00e1 la colecci\u00f3n.  <\/p>\n<p data-pm-slice=\"1 1 []\">El debate recurrente sobre la ausencia de una edici\u00f3n africana de *Vogue* o la escasa presencia de dise\u00f1adores africanos en las listas de \u00e9xito occidentales pone de manifiesto una paradoja persistente. Con demasiada frecuencia, los periodistas y editores del continente lamentan la falta de consideraci\u00f3n por parte de las instituciones internacionales sin tomar la iniciativa de imponer sus propios est\u00e1ndares. <\/p>\n<p>\u00bfPor qu\u00e9 esperar a que un comit\u00e9 de Par\u00eds, Nueva York o Londres dicte qui\u00e9nes son los dise\u00f1adores m\u00e1s influyentes del continente? Los medios de comunicaci\u00f3n africanos tienen la responsabilidad hist\u00f3rica de asumir esa autoridad. Corresponde a las redacciones con sede en Dakar, Abiy\u00e1n, Lagos o Johannesburgo elaborar la clasificaci\u00f3n oficial de los 100 dise\u00f1adores africanos imprescindibles, la gu\u00eda de referencia de las mejores tiendas conceptuales o la lista de los modelos del a\u00f1o. La legitimidad no se mendiga, sino que se forja a trav\u00e9s de la experiencia, la constancia y la audacia editorial.   <\/p>\n<h2>Lo que los creadores deben cambiar en sus relaciones con la prensa<\/h2>\n<p><img loading=\"lazy\" decoding=\"async\" class=\"aligncenter size-full wp-image-15135\" src=\"https:\/\/africafashiontour.com\/wp-content\/uploads\/2026\/09\/2-2.png\" alt=\"Versi\u00f3n de Guzangs con Jeremiah Owusu-Koramoah\" width=\"819\" height=\"1024\" srcset=\"https:\/\/africafashiontour.com\/wp-content\/uploads\/2026\/09\/2-2.png 819w, https:\/\/africafashiontour.com\/wp-content\/uploads\/2026\/09\/2-2-480x600.png 480w\" sizes=\"(min-width: 0px) and (max-width: 480px) 480px, (min-width: 481px) 819px, 100vw\" \/><\/p>\n<p>Si bien los medios de comunicaci\u00f3n tienen que mejorar, los dise\u00f1adores de moda tambi\u00e9n tienen parte de responsabilidad en su falta de notoriedad. Es frecuente o\u00edr a los fundadores de marcas quejarse del silencio de los periodistas, cuando en realidad carecen de las herramientas profesionales b\u00e1sicas. <\/p>\n<p>La visibilidad en los medios se basa en unas normas de trabajo rigurosas que toda marca debe respetar:<\/p>\n<ul>\n<li>Poner a disposici\u00f3n un kit multimedia completo y actualizado, alojado en un espacio accesible como Google Drive o Dropbox.<\/li>\n<li>Clasificar met\u00f3dicamente las im\u00e1genes en alta definici\u00f3n por colecci\u00f3n y por temporada, nombrando cada archivo de forma precisa con el nombre del modelo y el precio.<\/li>\n<li>Redactar un comunicado de prensa claro en el que se explique la historia de la colecci\u00f3n, los materiales utilizados y la visi\u00f3n art\u00edstica.<\/li>\n<li>Establecer una relaci\u00f3n aut\u00e9ntica con periodistas, cr\u00edticos y creadores de contenidos desde el principio, descubriendo sus trabajos, interactuando con sus publicaciones y comprendiendo su l\u00ednea editorial antes de solicitar un art\u00edculo.<\/li>\n<\/ul>\n<p>Enviar un mensaje impersonal para \u00abreclamar\u00bb una menci\u00f3n destacada sin haber mostrado nunca inter\u00e9s por el trabajo de un medio de comunicaci\u00f3n es una estrategia abocada al fracaso. La relaci\u00f3n con la prensa es una colaboraci\u00f3n basada en la confianza que se construye con el tiempo. <\/p>\n<h2>\u00bfC\u00f3mo crear una fuerza de impacto medi\u00e1tico panafricana y colectiva?<\/h2>\n<p><img loading=\"lazy\" decoding=\"async\" class=\"aligncenter size-full wp-image-15139\" src=\"https:\/\/africafashiontour.com\/wp-content\/uploads\/2026\/09\/3.png\" alt=\"Rolling Stone \u00c1frica - Portada de Fally Ipupa\" width=\"819\" height=\"1024\" srcset=\"https:\/\/africafashiontour.com\/wp-content\/uploads\/2026\/09\/3.png 819w, https:\/\/africafashiontour.com\/wp-content\/uploads\/2026\/09\/3-480x600.png 480w\" sizes=\"(min-width: 0px) and (max-width: 480px) 480px, (min-width: 481px) 819px, 100vw\" \/><\/p>\n<p>La fortaleza de los medios de comunicaci\u00f3n occidentales radica en su capacidad para agrupar varias publicaciones bajo una misma direcci\u00f3n comercial. En \u00c1frica y en sus di\u00e1sporas, el panorama medi\u00e1tico sigue estando fragmentado en iniciativas aisladas. Entre el podcast \u00abAfrica Fashion Tour\u00bb y las revistas impresas y digitales como \u00abElle Afrique francophone\u00bb, \u00abDebonair Afrik\u00bb y \u00abGuzangs\u00bb, cada una opera de forma aislada con recursos limitados.  <\/p>\n<p>Esta divisi\u00f3n debilita el poder de negociaci\u00f3n frente a los anunciantes. En lugar de mantener una rivalidad est\u00e9ril sobre el tama\u00f1o respectivo de las audiencias, a estas voces independientes les conviene formar una alianza estrat\u00e9gica. Los consumidores de moda africana y las di\u00e1sporas ya se mueven con soltura de un medio a otro.  <\/p>\n<p>El reto consiste en crear una agencia colaborativa capaz de ofrecer a las marcas y a las instituciones estrategias de comunicaci\u00f3n integrales y de gran impacto:<\/p>\n<ul>\n<li>Una oferta combinada que incluye una entrevista en profundidad en formato de podcast, un informe de an\u00e1lisis escrito y una difusi\u00f3n selectiva en las redes sociales.<\/li>\n<li>Tarifas decrecientes y atractivas que permiten a las marcas sacar el m\u00e1ximo partido a su presupuesto de marketing con un \u00fanico interlocutor.<\/li>\n<li>La coproducci\u00f3n de estudios de mercado y eventos presenciales que re\u00fanen a todo el ecosistema creativo.<\/li>\n<\/ul>\n<h2>El futuro de las industrias creativas africanas se forjar\u00e1 gracias a la soberan\u00eda de nuestras historias<\/h2>\n<p>La emancipaci\u00f3n de la moda africana no se producir\u00e1 \u00fanicamente en los talleres o en las pasarelas de las semanas de la moda. Depender\u00e1 de la capacidad de sus protagonistas para controlar la cadena de valor de la narrativa. Al estructurar sus relaciones con la prensa y sin esperar validaciones externas, los dise\u00f1adores ganar\u00e1n en profesionalidad e impacto.  <\/p>\n<p>Al unir sus fuerzas en una alianza s\u00f3lida y ambiciosa, los medios de comunicaci\u00f3n africanos crear\u00e1n una plataforma de difusi\u00f3n capaz de competir con los grupos internacionales. Es en esta mesa redonda donde se establecer\u00e1n los nuevos est\u00e1ndares del lujo, la creaci\u00f3n y el negocio de la moda en el continente. <\/p>\n<hr>\n<p>Leer tambi\u00e9n<\/p>\n<ul>\n<li><a href=\"https:\/\/africafashiontour.com\/es\/perspectivas-del-sector-de-los-medios-de-comunicacion-y-el-ocio-en-africa\/\">Perspectivas del sector de los medios de comunicaci\u00f3n y el ocio en \u00c1frica<\/a><\/li>\n<li><a href=\"https:\/\/africafashiontour.com\/es\/panorama-de-los-principales-medios-de-comunicacion-africanos-sobre-moda-y-estilo-de-vida\/\">Panorama de los principales medios de comunicaci\u00f3n africanos sobre moda y estilo de vida<\/a><\/li>\n<li><a href=\"https:\/\/africafashiontour.com\/es\/emmanuel-ekuban-fundador-del-grupo-mediatico-debonair-afrik\/\">Emmanuel Ekuban, fundador del grupo medi\u00e1tico Debonair Afrik<\/a><\/li>\n<\/ul>\n","protected":false},"excerpt":{"rendered":"<p>Ante los conglomerados mundiales, las industrias creativas y los medios de comunicaci\u00f3n africanos deben replantearse su enfoque. An\u00e1lisis de un ecosistema que hay que reinventar, entre el rigor de las marcas y la uni\u00f3n de las voces independientes. <\/p>\n","protected":false},"author":2,"featured_media":15130,"comment_status":"closed","ping_status":"closed","sticky":false,"template":"","format":"standard","meta":{"_et_pb_use_builder":"","_et_pb_old_content":"","_et_gb_content_width":"","footnotes":""},"categories":[152],"tags":[],"class_list":["post-15146","post","type-post","status-publish","format-standard","has-post-thumbnail","hentry","category-empresa"],"_links":{"self":[{"href":"https:\/\/africafashiontour.com\/es\/wp-json\/wp\/v2\/posts\/15146","targetHints":{"allow":["GET"]}}],"collection":[{"href":"https:\/\/africafashiontour.com\/es\/wp-json\/wp\/v2\/posts"}],"about":[{"href":"https:\/\/africafashiontour.com\/es\/wp-json\/wp\/v2\/types\/post"}],"author":[{"embeddable":true,"href":"https:\/\/africafashiontour.com\/es\/wp-json\/wp\/v2\/users\/2"}],"replies":[{"embeddable":true,"href":"https:\/\/africafashiontour.com\/es\/wp-json\/wp\/v2\/comments?post=15146"}],"version-history":[{"count":0,"href":"https:\/\/africafashiontour.com\/es\/wp-json\/wp\/v2\/posts\/15146\/revisions"}],"wp:featuredmedia":[{"embeddable":true,"href":"https:\/\/africafashiontour.com\/es\/wp-json\/wp\/v2\/media\/15130"}],"wp:attachment":[{"href":"https:\/\/africafashiontour.com\/es\/wp-json\/wp\/v2\/media?parent=15146"}],"wp:term":[{"taxonomy":"category","embeddable":true,"href":"https:\/\/africafashiontour.com\/es\/wp-json\/wp\/v2\/categories?post=15146"},{"taxonomy":"post_tag","embeddable":true,"href":"https:\/\/africafashiontour.com\/es\/wp-json\/wp\/v2\/tags?post=15146"}],"curies":[{"name":"wp","href":"https:\/\/api.w.org\/{rel}","templated":true}]}}