{"id":15310,"date":"2026-09-05T23:52:56","date_gmt":"2026-09-05T21:52:56","guid":{"rendered":"https:\/\/africafashiontour.com\/el-wax-no-es-africano\/"},"modified":"2026-09-06T00:00:58","modified_gmt":"2026-09-05T22:00:58","slug":"el-wax-no-es-africano","status":"publish","type":"post","link":"https:\/\/africafashiontour.com\/es\/el-wax-no-es-africano\/","title":{"rendered":"El wax no es africano"},"content":{"rendered":"<div class=\"ProseMirror\" contenteditable=\"true\" translate=\"no\" aria-label=\"\u00c9diteur Canvas\" aria-busy=\"false\" data-disable-editing=\"false\">\n<h2>\u00bfC\u00f3mo se ha convertido el \u00abwax\u00bb en un s\u00edmbolo de emancipaci\u00f3n?<\/h2>\n<p>Desde hace unos quince a\u00f1os, <strong>la pol\u00e9mica sobre el wax<\/strong> agita con frecuencia las redes sociales y los c\u00edrculos de la di\u00e1spora: el tejido estampado wax, originario de Indonesia y fabricado en Europa, no tiene nada de africano en su origen. Sin embargo, esta observaci\u00f3n t\u00e9cnica pasa por alto una realidad sociol\u00f3gica e hist\u00f3rica. <\/p>\n<p>Si bien la materia prima ha cruzado los oc\u00e9anos, ha sido la inteligencia comercial de las madres, abuelas y comerciantes de \u00c1frica Occidental la que ha conferido a este tejido su valor simb\u00f3lico, su prestigio y su carga emocional. Al asignarle nombres vern\u00e1culos, codificar sus motivos para convertirlos en vectores de mensajes sociales y organizar colosales redes de distribuci\u00f3n, como <strong>las legendarias Nana Benz de Togo<\/strong>, estas mujeres inventaron una aut\u00e9ntica ciencia del branding mucho antes de que se pusiera de moda. <\/p>\n<p>Ante una producci\u00f3n local que apenas supera el 7 % en los pa\u00edses m\u00e1s pr\u00f3speros del continente, encerrarse en el rechazo puro y simple de los textiles priva a las nuevas generaciones de su propia memoria. <strong>La iniciativa puesta en marcha por Rosy Sambwa<\/strong> a trav\u00e9s del ciclo educativo #ParlonsMode pretende superar la dicotom\u00eda entre la fetichizaci\u00f3n y el rechazo para plantear una pregunta fundamental: \u00bfqu\u00e9 hacemos hoy con los recuerdos, las emociones y los conocimientos transmitidos en torno a este tejido?<\/p>\n<h2>Tres voces excepcionales para reinventar la narrativa textil<\/h2>\n<p>Tras una primera etapa fundacional en Bruselas, en la que se reunieron un psiquiatra, una minorista de tercera generaci\u00f3n y una activista, la iniciativa parisina pasa a la acci\u00f3n concreta dando la palabra a tres mujeres con perspectivas singulares:<\/p>\n<ul>\n<li><strong>Krissima Poba, la ruptura a trav\u00e9s del gesto creativo:<\/strong> artista visual, fot\u00f3grafa y divulgadora cient\u00edfica, adopta un enfoque radical al dibujar ella misma los motivos de sus tejidos y al concebir instalaciones art\u00edsticas de gran impacto. Al reinventar el tejido desde dentro, demuestra que la soberan\u00eda textil pasa por la reapropiaci\u00f3n del dise\u00f1o y del significado. <\/li>\n<li><strong><a href=\"https:\/\/africafashiontour.com\/es\/justine-sow-autora-de-wax-paradoxe\/\">Justine Sow, la memoria y las paradojas en las p\u00e1ginas<\/a>:<\/strong> periodista de RTL y autora de c\u00f3mics, es la creadora de <em>\u00abWax Paradoxes<\/em>\u00bb. A trav\u00e9s del texto y la ilustraci\u00f3n, su obra explora las contradicciones, la b\u00fasqueda de identidad y la carga emocional de un tejido omnipresente en los hogares de la di\u00e1spora, pero cuya historia sigue siendo desconocida. <\/li>\n<\/ul>\n<p><img loading=\"lazy\" decoding=\"async\" class=\"aligncenter size-large wp-image-8637\" src=\"https:\/\/africafashiontour.com\/wp-content\/uploads\/2025\/03\/1-819x1024.webp\" alt=\"Justine Sow\" width=\"819\" height=\"1024\"><\/p>\n<ul>\n<li><strong>Bijou Tshiunza, el poder econ\u00f3mico al servicio del terreno:<\/strong> tras quince a\u00f1os como directiva en el sector bancario, fund\u00f3 Microdev, una entidad de microcr\u00e9dito dedicada a apoyar a las mujeres emprendedoras en la Rep\u00fablica Democr\u00e1tica del Congo. Su intervenci\u00f3n sit\u00faa el debate en la realidad financiera de los mercados informales y en la estructuraci\u00f3n del capital femenino. <\/li>\n<\/ul>\n<h2>La experiencia de Rosy Sambwa, a caballo entre la investigaci\u00f3n y la moda<\/h2>\n<p>Rosy Sambwa, impulsora de este ciclo, es una figura destacada de la investigaci\u00f3n textil descolonial y contempor\u00e1nea. Historiadora de la moda, dise\u00f1adora y consultora experta acreditada por la Organizaci\u00f3n Internacional de la Francofon\u00eda (OIF), participa en numerosas actividades acad\u00e9micas y culturales de alto nivel. <\/p>\n<p>Desde la UNESCO hasta la Universidad Libre de Bruselas, pasando por el Museo de las Civilizaciones Negras de Dakar y el AfricaMuseum, sus trabajos demuestran que el traje es un documento de archivo pol\u00edtico. Su compromiso tiene como objetivo dotar a los j\u00f3venes de la di\u00e1spora y a los profesionales de las industrias culturales y creativas (ICC) de herramientas anal\u00edticas rigurosas para interpretar la historia sin complacencia ni rechazo traum\u00e1tico. <\/p>\n<h2>Una velada inmersiva que combina reflexi\u00f3n, tienda pop-up y encuentros<\/h2>\n<p>Concebido como un espacio de intercambio multidisciplinar, el encuentro del viernes 2 de octubre de 2026 se articula en torno a un formato integral que combina reflexi\u00f3n te\u00f3rica, descubrimiento de marcas y ambiente distendido:<\/p>\n<ul>\n<li><strong>17:30 \u2013 18:45:<\/strong> Inauguraci\u00f3n en primicia de la tienda temporal para descubrir y adquirir obras, libros y creaciones independientes.<\/li>\n<li><strong>18:30 \u2013 19:00:<\/strong> Recepci\u00f3n de los participantes y copa de bienvenida.<\/li>\n<li><strong>19:00 \u2013 21:00:<\/strong> Mesa redonda moderada por Rosy Sambwa, seguida de una sesi\u00f3n interactiva de preguntas y respuestas con el p\u00fablico.<\/li>\n<li><strong>21:00 \u2013 23:00:<\/strong> Reapertura de la tienda temporal, comida, bebidas, firmas de libros y continuaci\u00f3n de los coloquios en directo con las ponentes.<\/li>\n<\/ul>\n<p>En cuanto a compras y estilo de vida, los visitantes podr\u00e1n descubrir las creaciones textiles de Banxy, los carteles art\u00edsticos de Krissima Poba, los marcap\u00e1ginas artesanales pintados a mano por Odewa, as\u00ed como las bebidas refrescantes de la marca de bebidas naturales Kexura (sabor a jengibre y pi\u00f1a).<\/p>\n<h2>Convertir el patrimonio inmaterial en un motor para el futuro<\/h2>\n<p>El evento del 2 de octubre nos recuerda que el valor de un tejido no reside \u00fanicamente en el lugar donde se hila, sino en las historias que transmite y en las vidas que sustenta. Al vincular el legado empresarial de las Nana Benz con las iniciativas actuales de microcr\u00e9dito y arte contempor\u00e1neo, este evento demuestra que<a href=\"https:\/\/africafashiontour.com\/es\/category\/modo\/\"> la moda africana<\/a> alcanza su soberan\u00eda cuando asume la complejidad de su historia para construir sus propios modelos econ\u00f3micos. <\/p>\n<h3>Informaci\u00f3n pr\u00e1ctica:<\/h3>\n<ul>\n<li><strong>Fecha:<\/strong> viernes, 2 de octubre de 2026, de 17:30 a 23:00.<\/li>\n<li><strong>Lugar:<\/strong> 25hours Hotel Paris Terminus Nord, 12 Boulevard de Denain, 75010 Par\u00eds.<\/li>\n<li><strong>C\u00f3mo llegar:<\/strong> Metro y RER, estaci\u00f3n Gare du Nord.<\/li>\n<li><strong>Precio:<\/strong> 55 \u20ac (incluye la entrada a la conferencia, la copa de bienvenida y el acceso exclusivo a la tienda temporal).<\/li>\n<li><strong>Reservas:<\/strong> <a href=\"https:\/\/www.more.com\/be-en\/tickets\/happenings\/le-wax-nest-pas-africain\/\">Taquilla oficial en l\u00ednea<\/a><\/li>\n<\/ul>\n<hr>\n<p>Leer tambi\u00e9n<\/p>\n<ul>\n<li><a href=\"https:\/\/africafashiontour.com\/es\/por-que-la-moda-africana-debe-reinventar-sus-propios-medios-de-comunicacion\/\">\u00bfPor qu\u00e9 la moda africana debe reinventar sus propios medios de comunicaci\u00f3n?<\/a><\/li>\n<li><a href=\"https:\/\/africafashiontour.com\/es\/el-boubou-africano-historia-estilos-y-simbolismo-de-una-prenda-excepcional\/\">El boubou africano: historia, estilos y simbolismo de una prenda excepcional<\/a><\/li>\n<li><a href=\"https:\/\/africafashiontour.com\/es\/el-tejido-bogolan-historia-fabricacion-y-simbolismo-de-este-tejido-maliense\/\">El tejido bogolan: historia, fabricaci\u00f3n y simbolismo de este tejido maliense<\/a><\/li>\n<\/ul>\n<\/div>\n","protected":false},"excerpt":{"rendered":"<p>El 2 de octubre de 2026, la historiadora de la moda Rosy Sambwa invita a dise\u00f1adores, investigadores y aficionados al 25hours Hotel Terminus Nord de Par\u00eds. El objetivo es ir m\u00e1s all\u00e1 de las pol\u00e9micas para recuperar el genio comercial de las mujeres africanas y explorar la memoria \u00edntima de un tejido que se ha convertido en m\u00edtico. <\/p>\n","protected":false},"author":2,"featured_media":15306,"comment_status":"closed","ping_status":"closed","sticky":false,"template":"","format":"standard","meta":{"_et_pb_use_builder":"","_et_pb_old_content":"","_et_gb_content_width":"","footnotes":""},"categories":[142],"tags":[],"class_list":["post-15310","post","type-post","status-publish","format-standard","has-post-thumbnail","hentry","category-modo"],"_links":{"self":[{"href":"https:\/\/africafashiontour.com\/es\/wp-json\/wp\/v2\/posts\/15310","targetHints":{"allow":["GET"]}}],"collection":[{"href":"https:\/\/africafashiontour.com\/es\/wp-json\/wp\/v2\/posts"}],"about":[{"href":"https:\/\/africafashiontour.com\/es\/wp-json\/wp\/v2\/types\/post"}],"author":[{"embeddable":true,"href":"https:\/\/africafashiontour.com\/es\/wp-json\/wp\/v2\/users\/2"}],"replies":[{"embeddable":true,"href":"https:\/\/africafashiontour.com\/es\/wp-json\/wp\/v2\/comments?post=15310"}],"version-history":[{"count":1,"href":"https:\/\/africafashiontour.com\/es\/wp-json\/wp\/v2\/posts\/15310\/revisions"}],"predecessor-version":[{"id":15314,"href":"https:\/\/africafashiontour.com\/es\/wp-json\/wp\/v2\/posts\/15310\/revisions\/15314"}],"wp:featuredmedia":[{"embeddable":true,"href":"https:\/\/africafashiontour.com\/es\/wp-json\/wp\/v2\/media\/15306"}],"wp:attachment":[{"href":"https:\/\/africafashiontour.com\/es\/wp-json\/wp\/v2\/media?parent=15310"}],"wp:term":[{"taxonomy":"category","embeddable":true,"href":"https:\/\/africafashiontour.com\/es\/wp-json\/wp\/v2\/categories?post=15310"},{"taxonomy":"post_tag","embeddable":true,"href":"https:\/\/africafashiontour.com\/es\/wp-json\/wp\/v2\/tags?post=15310"}],"curies":[{"name":"wp","href":"https:\/\/api.w.org\/{rel}","templated":true}]}}