{"id":7939,"date":"2025-01-26T17:58:41","date_gmt":"2025-01-26T16:58:41","guid":{"rendered":"https:\/\/africafashiontour.com\/domina-las-claves-del-desarrollo-de-la-franquicia-en-africa\/"},"modified":"2025-01-26T17:58:41","modified_gmt":"2025-01-26T16:58:41","slug":"domina-las-claves-del-desarrollo-de-la-franquicia-en-africa","status":"publish","type":"post","link":"https:\/\/africafashiontour.com\/es\/domina-las-claves-del-desarrollo-de-la-franquicia-en-africa\/","title":{"rendered":"Domina las claves del desarrollo de la franquicia en \u00c1frica"},"content":{"rendered":"<h2 data-sourcepos=\"5:1-5:362\"><strong>Las ventajas de la franquicia en \u00c1frica<\/strong><\/h2>\n<p data-sourcepos=\"5:1-5:362\">El desarrollo de la franquicia ofrece oportunidades excepcionales en el continente africano. El 18 de marzo de 2025, al d\u00eda siguiente de la Franchise Expo Paris, se celebrar\u00e1 en Par\u00eds un curso intensivo de formaci\u00f3n para equipar a los franquiciadores y master franquiciadores actuales y futuros. Descubre c\u00f3mo crear y gestionar una red de \u00e9xito en el \u00c1frica Subsahariana.  <\/p>\n<h3 data-sourcepos=\"5:1-5:362\">Las ventajas de la franquicia<\/h3>\n<p data-sourcepos=\"9:1-9:112\">El modelo de franquicia ofrece muchas ventajas a las empresas que desean expandirse en \u00c1frica:<\/p>\n<ul data-sourcepos=\"11:1-16:0\">\n<li data-sourcepos=\"11:1-11:153\"><strong>Expansi\u00f3n r\u00e1pida:<\/strong> La franquicia te permite expandirte geogr\u00e1ficamente con mayor rapidez al contar con socios locales que conocen el mercado.<\/li>\n<li data-sourcepos=\"12:1-12:151\"><strong>Costes reducidos:<\/strong> Las inversiones iniciales se comparten con los franquiciados, lo que reduce los riesgos financieros para el franquiciador.<\/li>\n<li data-sourcepos=\"13:1-13:167\"><strong>Conocimiento del mercado local:<\/strong> Los franquiciados aportan una experiencia inestimable sobre el mercado local, los h\u00e1bitos de consumo y las especificidades culturales.<\/li>\n<li data-sourcepos=\"14:1-14:183\"><strong>Motivaci\u00f3n y compromiso:<\/strong> Como empresarios independientes, los franquiciados est\u00e1n muy motivados para desarrollar su negocio y respetar el concepto de franquicia.<\/li>\n<li data-sourcepos=\"15:1-16:0\">Notoriedad e imagen de <strong>marca:<\/strong> Una red de franquicias bien gestionada refuerza la notoriedad y la imagen de marca de una empresa.<\/li>\n<\/ul>\n<p data-sourcepos=\"17:1-17:99\">Dadas estas oportunidades, la formaci\u00f3n espec\u00edfica es esencial para maximizar las posibilidades de \u00e9xito.<\/p>\n<h3 data-sourcepos=\"19:1-19:88\">Formaci\u00f3n para franquiciadores y masters<\/h3>\n<p data-sourcepos=\"21:1-21:142\">Este curso de formaci\u00f3n estar\u00e1 dirigido por dos reconocidos expertos en el \u00e1mbito de la franquicia, que aportar\u00e1n una valiosa experiencia complementaria:<\/p>\n<ul data-sourcepos=\"23:1-25:0\">\n<li data-sourcepos=\"23:1-23:637\"><strong>Jean Samper: 49 a\u00f1os de experiencia en franquicia.<\/strong>  Director de AfriqueFranchise, se dedica al desarrollo de la franquicia en \u00c1frica Subsahariana y \u00c1frica del Norte. Ex miembro del Colegio de Expertos de la Federaci\u00f3n Francesa de la Franquicia y experto del programa de franquicias CLDP (gobierno estadounidense), ha realizado cientos de misiones de consultor\u00eda y apoyo. Su carrera incluye experiencia con el grupo Prouvost (Pingouin, Welcome Pernelle) y la creaci\u00f3n de su propia consultor\u00eda en 1989. Es un aut\u00e9ntico pionero de la franquicia en Francia y \u00c1frica.   <\/li>\n<li data-sourcepos=\"24:1-25:0\"><strong>Fr\u00e9d\u00e9ric Fournier: La pericia jur\u00eddica en el coraz\u00f3n de la franquicia.<\/strong>  Abogado desde 1996 y cofundador de Redlink, Ma\u00eetre Fournier es especialista en derecho de la distribuci\u00f3n. Miembro del Instituto Internacional de la Distribuci\u00f3n, de la Asociaci\u00f3n Internacional de Abogados y de varias otras asociaciones jur\u00eddicas, aporta su experiencia en profundidad sobre los aspectos jur\u00eddicos de los acuerdos de franquicia, tanto a nivel nacional como internacional. Tambi\u00e9n es profesor de derecho de la distribuci\u00f3n en varias universidades.  <\/li>\n<\/ul>\n<h3 data-sourcepos=\"26:1-26:90\">Un programa dise\u00f1ado para dominar la franquicia en \u00c1frica<\/h3>\n<p data-sourcepos=\"28:1-28:126\">El curso tendr\u00e1 lugar el martes 18 de marzo de 2025, de 8.45 a 17.00 horas, en el 17 rue des Acacias de Par\u00eds. Aqu\u00ed tienes el programa detallado: <\/p>\n<ul data-sourcepos=\"30:1-41:0\">\n<li data-sourcepos=\"30:1-30:63\"><strong>8.45-9.00: Bienvenida e inscripci\u00f3n de los participantes.<\/strong><\/li>\n<li data-sourcepos=\"31:1-31:253\"><strong>9.00-10.10 h: Convertirse en un buen franquiciador.<\/strong>  (Jean Samper): \u00bfQu\u00e9 es un concepto de franquicia de \u00e9xito? \u00bfQu\u00e9 elementos adicionales son necesarios m\u00e1s all\u00e1 del concepto de marketing? \u00bfC\u00f3mo se analizan los puntos fuertes y d\u00e9biles de una franquicia?  <\/li>\n<li data-sourcepos=\"32:1-32:28\"><strong>10.10-10.25: Pausa.<\/strong><\/li>\n<li data-sourcepos=\"33:1-33:235\"><strong>10.25-11.40: Lo esencial de un contrato de franquicia.<\/strong>  (Fr\u00e9d\u00e9ric Fournier): Aspectos jur\u00eddicos, derechos del franquiciador y del franquiciado, el contrato de franquicia en T\u00fanez, el Documento de Informaci\u00f3n Precontractual (DIP).<\/li>\n<li data-sourcepos=\"34:1-34:343\"><strong>11.40-12.40: Las 5 profesiones del franquiciador.<\/strong>  (Jean Samper): Comprender, aplicar y rentabilizar los oficios del franquiciador: Creador de concepto, Desarrollador de red, Coordinador\/controlador de red, Log\u00edstico (a veces productor), L\u00edder. Para cada profesi\u00f3n: definici\u00f3n, recursos, costes, rentabilidad y errores a evitar. <\/li>\n<li data-sourcepos=\"35:1-35:31\"><strong>12.40-13.40: Comida.<\/strong><\/li>\n<li data-sourcepos=\"36:1-36:278\"><strong>13.40-14.40: Herramientas y procesos de gesti\u00f3n de redes franquiciadas.<\/strong>  (Jean Samper) : Herramientas necesarias (manuales, contrato, DIP, previsiones, estudios de mercado), dise\u00f1o paso a paso, las 3 materias primas del desarrollo: Personas, Dinero y Ubicaci\u00f3n.<\/li>\n<li data-sourcepos=\"37:1-37:167\"><strong>14:40-15:30: La franquicia internacional.<\/strong>  (Fr\u00e9d\u00e9ric Fournier): Sutilezas de los acuerdos internacionales de franquicia, el acuerdo de Master-Franquicia.<\/li>\n<li data-sourcepos=\"38:1-38:28\"><strong>15:30-15:50: Pausa.<\/strong><\/li>\n<li data-sourcepos=\"39:1-39:168\"><strong>15.50-16.50: Reclutamiento de franquiciados.<\/strong>  (Jean Samper) : Definici\u00f3n del perfil de los franquiciados buscados, comunicaci\u00f3n de la contrataci\u00f3n, selecci\u00f3n de los franquiciados adecuados.<\/li>\n<li data-sourcepos=\"40:1-41:0\"><strong>16:50-17:00: Fin del curso:<\/strong> Resumen, evaluaci\u00f3n del programa, entrega de certificados.<\/li>\n<\/ul>\n<p>Los detalles de la inscripci\u00f3n est\u00e1n disponibles en el sitio web <a href=\"https:\/\/www.afriquefranchise.com\/consultants-franchise\/21-afrique-franchise-universite-les-formations\/?page=1\">de AfriqueFranchise<\/a>.<\/p>\n<p data-sourcepos=\"48:1-48:282\">Este curso intensivo de formaci\u00f3n es una oportunidad \u00fanica para los franquiciadores que deseen expandirse en el continente africano. Benef\u00edciate de la experiencia de reconocidos profesionales y adquiere las herramientas que necesitas para construir una red de franquicias exitosa y sostenible. <\/p>\n<hr>\n<p data-sourcepos=\"48:1-48:282\">Lee tambi\u00e9n<\/p>\n<ul>\n<li data-sourcepos=\"48:1-48:282\"><a href=\"https:\/\/africafashiontour.com\/developper-le-business-model-de-la-franchise-en-afrique\/\">Desarrollar el modelo de negocio de la franquicia en \u00c1frica<\/a><\/li>\n<li data-sourcepos=\"48:1-48:282\"><a href=\"https:\/\/africafashiontour.com\/afretail-une-premiere-edition-reussie\/\">Afretail, una primera edici\u00f3n de \u00e9xito<\/a><\/li>\n<li data-sourcepos=\"48:1-48:282\"><a href=\"https:\/\/africafashiontour.com\/izar-hyacinthe-fondatrice-de-concretiz-et-co-organisatrice-du-forum-afretail\/\">Izar Hyacinthe, fundador de Concretiz y coorganizador del foro Afretail<\/a><\/li>\n<\/ul>\n<hr>\n<p>&nbsp;<\/p>\n","protected":false},"excerpt":{"rendered":"<p>El continente africano rebosa de oportunidades para las empresas que quieren expandirse en franquicia. Un curso intensivo de formaci\u00f3n, organizado en Par\u00eds el 18 de marzo de 2025, al d\u00eda siguiente de la Franchise Expo Paris, est\u00e1 especialmente dise\u00f1ado para equipar a los franquiciadores y master-franquiciados actuales y futuros del \u00c1frica Subsahariana. Descubre c\u00f3mo construir una red de franquicias de \u00e9xito.  <\/p>\n","protected":false},"author":2,"featured_media":7941,"comment_status":"closed","ping_status":"closed","sticky":false,"template":"","format":"standard","meta":{"_et_pb_use_builder":"","_et_pb_old_content":"","_et_gb_content_width":"","footnotes":""},"categories":[152],"tags":[],"class_list":["post-7939","post","type-post","status-publish","format-standard","has-post-thumbnail","hentry","category-empresa"],"_links":{"self":[{"href":"https:\/\/africafashiontour.com\/es\/wp-json\/wp\/v2\/posts\/7939","targetHints":{"allow":["GET"]}}],"collection":[{"href":"https:\/\/africafashiontour.com\/es\/wp-json\/wp\/v2\/posts"}],"about":[{"href":"https:\/\/africafashiontour.com\/es\/wp-json\/wp\/v2\/types\/post"}],"author":[{"embeddable":true,"href":"https:\/\/africafashiontour.com\/es\/wp-json\/wp\/v2\/users\/2"}],"replies":[{"embeddable":true,"href":"https:\/\/africafashiontour.com\/es\/wp-json\/wp\/v2\/comments?post=7939"}],"version-history":[{"count":0,"href":"https:\/\/africafashiontour.com\/es\/wp-json\/wp\/v2\/posts\/7939\/revisions"}],"wp:featuredmedia":[{"embeddable":true,"href":"https:\/\/africafashiontour.com\/es\/wp-json\/wp\/v2\/media\/7941"}],"wp:attachment":[{"href":"https:\/\/africafashiontour.com\/es\/wp-json\/wp\/v2\/media?parent=7939"}],"wp:term":[{"taxonomy":"category","embeddable":true,"href":"https:\/\/africafashiontour.com\/es\/wp-json\/wp\/v2\/categories?post=7939"},{"taxonomy":"post_tag","embeddable":true,"href":"https:\/\/africafashiontour.com\/es\/wp-json\/wp\/v2\/tags?post=7939"}],"curies":[{"name":"wp","href":"https:\/\/api.w.org\/{rel}","templated":true}]}}