{"id":15002,"date":"2026-08-21T16:27:33","date_gmt":"2026-08-21T14:27:33","guid":{"rendered":"https:\/\/africafashiontour.com\/flora-coquerel-a-rainha-da-beleza-franco-beninesa-que-deu-destaque-a-diversidade-etnica\/"},"modified":"2026-08-21T16:27:33","modified_gmt":"2026-08-21T14:27:33","slug":"flora-coquerel-a-rainha-da-beleza-franco-beninesa-que-deu-destaque-a-diversidade-etnica","status":"publish","type":"post","link":"https:\/\/africafashiontour.com\/pt-pt\/flora-coquerel-a-rainha-da-beleza-franco-beninesa-que-deu-destaque-a-diversidade-etnica\/","title":{"rendered":"Flora Coquerel: a rainha da beleza franco-beninesa que deu destaque \u00e0 diversidade \u00e9tnica"},"content":{"rendered":"<p dir=\"ltr\">H\u00e1 rostos que, por si s\u00f3, contam uma hist\u00f3ria de pontes entre dois continentes. O de <strong>Flora Coquerel<\/strong> \u00e9 um deles. Coroada com apenas dezanove anos, esta <strong>franco-beninesa<\/strong> de sorriso radiante n\u00e3o s\u00f3 venceu o concurso mais visto do panorama televisivo franc\u00eas como tamb\u00e9m encarnou, durante o seu <strong>reinado<\/strong>, uma Fran\u00e7a plural e orgulhosa das suas ra\u00edzes africanas. Mais de uma d\u00e9cada depois,<strong>a antiga Miss Fran\u00e7a<\/strong> continua a ser uma figura incontorn\u00e1vel da <strong>moda<\/strong> francesa, uma embaixadora da beleza mesti\u00e7a e uma empreendedora empenhada, cujo cora\u00e7\u00e3o ainda bate pelo <strong>Benim<\/strong>. Um olhar retrospectivo sobre a trajet\u00f3ria de uma <strong>rainha da beleza<\/strong> que se tornou um \u00edcone.    <\/p>\n<h2 dir=\"ltr\">Uma inf\u00e2ncia marcada por duas culturas<\/h2>\n<p dir=\"ltr\"><strong>Flora Coquerel nasceu<\/strong> a <strong>14 de abril de 1994 em Mont-Saint-Aignan<\/strong>, no departamento de <strong>Seine-Maritime<\/strong>. <strong>Nascida a 14 de abril de 1994<\/strong>, cresceu posteriormente em Eure-et-Loir, n\u00e3o muito longe de Chartres, no seio de uma fam\u00edlia com tr\u00eas filhos. Mas, para compreender a mulher em que se tornou, \u00e9 preciso recuar no tempo e conhecer uma hist\u00f3ria familiar profundamente ligada \u00e0 \u00c1frica Ocidental. <\/p>\n<p dir=\"ltr\">O seu pai, um jovem entusiasta do progresso, partiu para o Benim com cerca de vinte anos para participar no desenvolvimento de t\u00e9cnicas agr\u00edcolas e de cria\u00e7\u00e3o de gado. Foi ali, naquela terra <strong>beninense<\/strong>, que conheceu aquela que viria a ser a m\u00e3e de Flora. De regresso a Fran\u00e7a, o casal nunca deixou de tecer la\u00e7os entre os dois pa\u00edses atrav\u00e9s de a\u00e7\u00f5es de caridade. A pequena Flora cresce, assim, desde a inf\u00e2ncia, num universo onde o empenho <strong>humanit\u00e1rio<\/strong> e a dupla cultura s\u00e3o algo natural. Ela \u00e9 <strong>francesa e beninesa<\/strong>, e nunca concebe estas duas identidades sen\u00e3o como uma riqueza.    <\/p>\n<p dir=\"ltr\">Antes de chegar aos holofotes, a jovem destinava-se ao mundo empresarial. Iniciou um BTS em <strong>com\u00e9rcio internacional<\/strong>, um percurso que j\u00e1 demonstrava a sua abertura ao mundo e a sua ambi\u00e7\u00e3o. O mundo da moda e os concursos de beleza n\u00e3o faziam parte dos seus sonhos de inf\u00e2ncia: foi quase por acaso, incentivada pelo seu c\u00edrculo de amigos, que um dia cruzou as portas de um <strong>concurso de Miss<\/strong>.  <\/p>\n<h2 dir=\"ltr\">Do concurso de Miss Orl\u00e9anais \u00e0 coroa\u00e7\u00e3o nacional<\/h2>\n<p><img loading=\"lazy\" decoding=\"async\" class=\"aligncenter wp-image-14988 size-large\" src=\"https:\/\/africafashiontour.com\/wp-content\/uploads\/2026\/08\/1085610-flora-coquerel-franco-beninoise-agee-de-19-ans-a-ete-elue-miss-france-2014-1024x682.jpg\" alt=\"Flora Coquerel. Africa Fashion Tour\" width=\"1024\" height=\"682\" srcset=\"https:\/\/africafashiontour.com\/wp-content\/uploads\/2026\/08\/1085610-flora-coquerel-franco-beninoise-agee-de-19-ans-a-ete-elue-miss-france-2014-980x653.jpg 980w, https:\/\/africafashiontour.com\/wp-content\/uploads\/2026\/08\/1085610-flora-coquerel-franco-beninoise-agee-de-19-ans-a-ete-elue-miss-france-2014-480x320.jpg 480w\" sizes=\"(min-width: 0px) and (max-width: 480px) 480px, (min-width: 481px) and (max-width: 980px) 980px, (min-width: 981px) 1024px, 100vw\" \/><\/p>\n<p dir=\"ltr\">A primeira grande viragem ocorreu no outono de 2013. A <strong>6 de outubro de 2013<\/strong>, Flora Coquerel venceu o <strong>concurso \u00abMiss Orl\u00e9anais\u00bb<\/strong>, tornando-se assim a primeira jovem da sua regi\u00e3o a conquistar este t\u00edtulo regional. Uma vit\u00f3ria que lhe abriu as portas para a aventura a n\u00edvel nacional.  <\/p>\n<p dir=\"ltr\">Algumas semanas mais tarde, em <strong>dezembro de 2013<\/strong>, realizou-se o concurso de <strong>Miss Fran\u00e7a 2014<\/strong>, organizado nesse ano no Z\u00e9nith de Dijon, na regi\u00e3o da Borgonha. Perante milh\u00f5es de telespectadores, a candidata da regi\u00e3o de Orl\u00e9ans causou surpresa. Perante as suas concorrentes, foi ela quem foi <strong>eleita Miss Fran\u00e7a 2014<\/strong>. O <strong>t\u00edtulo de Miss Fran\u00e7a<\/strong> foi-lhe entregue pela sua antecessora, <strong>Marine Lorphelin<\/strong>,<strong>a ex-Miss Borgonha<\/strong> que reinava h\u00e1 um ano, sob a orienta\u00e7\u00e3o da ent\u00e3o diretora da empresa Miss Fran\u00e7a, <strong>Sylvie Tellier<\/strong>.   <\/p>\n<p dir=\"ltr\">Tornar-se <strong>Miss Fran\u00e7a<\/strong>, para quem nem sequer pensava nisso, muda tudo. A <strong>coroa\u00e7\u00e3o de Miss Fran\u00e7a<\/strong> transforma, numa \u00fanica noite, esta estudante de <strong>com\u00e9rcio internacional<\/strong> numa personalidade p\u00fablica. Mas o acontecimento n\u00e3o decorre sem alguma agita\u00e7\u00e3o. No dia seguinte \u00e0 sua <strong>elei\u00e7\u00e3o como Miss Fran\u00e7a<\/strong>, uma parte do p\u00fablico debru\u00e7ou-se sobre as suas origens mesti\u00e7as. Longe de se deixar abalar, a jovem assume plenamente a sua hist\u00f3ria e reivindica o direito de representar uma Fran\u00e7a cosmopolita e plural, \u00e0 imagem do pa\u00eds real. Essa <strong>mistura \u00e9tnica<\/strong> que alguns apontam como problema, ela, pelo contr\u00e1rio, transforma-a num estandarte. Nesse sentido, <strong>a Miss Fran\u00e7a abriu<\/strong> caminho: o de uma beleza que n\u00e3o tem uma cor \u00fanica, o de uma rainha da beleza que ostenta com orgulho a mistura das suas origens europeias e africanas.      <\/p>\n<p dir=\"ltr\">Esta <strong>coroa\u00e7\u00e3o<\/strong> insere-se numa tradi\u00e7\u00e3o de <strong>Miss Fran\u00e7a<\/strong> provenientes de todos os horizontes. Antes dela, rostos como o de <strong>Malika M\u00e9nard<\/strong> tinham marcado as mem\u00f3rias; depois dela, outras jovens mulheres como <strong>Iris Mittenaere<\/strong>, <strong>Alicia Aylies<\/strong> ou ainda <strong>Amandine Petit<\/strong> iriam, por sua vez, usar a coroa e dar vida a este <strong>concurso de beleza<\/strong> com quase um s\u00e9culo de hist\u00f3ria. <\/p>\n<h2 dir=\"ltr\">Miss Mundo, Miss Universo: o prest\u00edgio internacional<\/h2>\n<p dir=\"ltr\">O <strong>concurso Miss Fran\u00e7a<\/strong> \u00e9, muitas vezes, apenas um primeiro passo. Na qualidade de vencedora, <strong>tendo-se tornado Miss Fran\u00e7a<\/strong>, Flora Coquerel representa a Fran\u00e7a na cena internacional. Participa no concurso <strong>Miss Mundo<\/strong> em 2014 e, no ano seguinte, no concurso <strong>Miss Universo<\/strong>.  <\/p>\n<p dir=\"ltr\">Foi precisamente no <strong>Miss Universo<\/strong> que a jovem conseguiu um dos melhores resultados da Fran\u00e7a nas \u00faltimas d\u00e9cadas. Em 2015, chegou ao Top 5 do prestigiado <strong>concurso de beleza<\/strong> mundial, uma posi\u00e7\u00e3o que nenhuma candidata francesa tinha alcan\u00e7ado h\u00e1 mais de sessenta anos. Este resultado, aclamado muito para al\u00e9m das fronteiras, confirma o prest\u00edgio da<strong>ex-Miss Fran\u00e7a<\/strong> e a sua desenvoltura nos palcos mais exigentes. A compara\u00e7\u00e3o \u00e9 eloquente: enquanto <strong>Iris Mittenaere e Flora Coquerel<\/strong> brilharam internacionalmente \u2014 tendo a primeira conquistado at\u00e9 o t\u00edtulo supremo de <strong>Miss Universo<\/strong> em 2016 \u2014, estas jovens contribu\u00edram para recolocar a Fran\u00e7a no centro dos grandes eventos mundiais de beleza.   <\/p>\n<h2 dir=\"ltr\">Kelina: quando a coroa se coloca ao servi\u00e7o do Benim<\/h2>\n<p dir=\"ltr\">Se tiv\u00e9ssemos de destacar apenas uma coisa do p\u00f3s-pandemia, seria sem d\u00favida esta: Flora Coquerel nunca considerou o seu <strong>t\u00edtulo de Miss Fran\u00e7a<\/strong> como um fim em si mesmo, mas sim como um formid\u00e1vel altifalante. Fiel ao legado familiar, decidiu dar continuidade ao trabalho iniciado pelos seus pais no Benim. <\/p>\n<p dir=\"ltr\">Estes \u00faltimos tinham fundado a associa\u00e7\u00e3o <strong>Inter-Action B\u00e9nin<\/strong>, dedicada ao desenvolvimento local. Ao lado deles, <strong>Flora Coquerel criou<\/strong> a sua pr\u00f3pria estrutura:<strong>a associa\u00e7\u00e3o Kelina<\/strong>. Um verdadeiro projeto familiar, <strong>a Kelina<\/strong> atua prioritariamente nas \u00e1reas da sa\u00fade e da educa\u00e7\u00e3o, com uma convic\u00e7\u00e3o: responder \u00e0s necessidades reais expressas pelos habitantes, em vez de impor solu\u00e7\u00f5es vindas de fora. A antiga rainha aproveita o seu ano de reinado para dar uma visibilidade sem precedentes a esta causa <strong>humanit\u00e1ria<\/strong>.   <\/p>\n<p dir=\"ltr\">Ao longo dos anos, os projetos foram ganhando dimens\u00e3o. O s\u00edmbolo mais marcante deste empenho \u00e9, sem d\u00favida, a maternidade <strong>Nana Zalia<\/strong>, concebida e financiada pela<strong>associa\u00e7\u00e3o Kelina<\/strong> numa regi\u00e3o onde o acesso aos cuidados de sa\u00fade para as m\u00e3es e os rec\u00e9m-nascidos continuava a ser prec\u00e1rio. Ap\u00f3s v\u00e1rios anos de prepara\u00e7\u00e3o, esta maternidade acabou por abrir as suas portas, oferecendo \u00e0s mulheres da regi\u00e3o um local digno e seguro para dar \u00e0 luz \u2014 um avan\u00e7o concreto, muito longe do brilho das passarelas. Para financiar estas a\u00e7\u00f5es,<strong>a ex-Miss Fran\u00e7a Flora Coquerel<\/strong> n\u00e3o hesita em organizar galas de caridade que re\u00fanem in\u00fameras personalidades do mundo dos meios de comunica\u00e7\u00e3o social, e o seu trabalho foi distinguido em v\u00e1rias ocasi\u00f5es, nomeadamente como associa\u00e7\u00e3o \u00abfavorita\u00bb de um grande grupo de luxo franc\u00eas.   <\/p>\n<p dir=\"ltr\">O que impressiona \u00e9 a const\u00e2ncia deste empenho. Um <strong>concurso de Miss<\/strong> dura apenas uma noite, um reinado apenas um ano; a a\u00e7\u00e3o no Benim, por sua vez, inscreveu-se no longo prazo, muito depois de a coroa ter mudado de donas. A associa\u00e7\u00e3o comemorou v\u00e1rios anivers\u00e1rios, tendo sido distinguida em v\u00e1rias ocasi\u00f5es, tanto em Fran\u00e7a como no Benim, tanto pelo setor associativo como pelo grande p\u00fablico. Enquanto a aten\u00e7\u00e3o dos meios de comunica\u00e7\u00e3o social se esvai naturalmente assim que o <strong>t\u00edtulo de Miss Fran\u00e7a<\/strong> \u00e9 passado \u00e0 sucessora, Flora Coquerel optou por permanecer fiel a uma causa que a transcende, impulsionada pelos la\u00e7os familiares que ainda a unem a esta terra onde vive parte da sua fam\u00edlia.   <\/p>\n<p dir=\"ltr\">Esta dimens\u00e3o solid\u00e1ria explica, em parte, por que raz\u00e3o o nome de Flora Coquerel tem tanto impacto junto do p\u00fablico africano e da di\u00e1spora. Enquanto muitos v\u00eaem num <strong>concurso de Miss<\/strong> apenas um epis\u00f3dio glamoroso, ela soube transformar a sua notoriedade numa alavanca de desenvolvimento para o continente da sua m\u00e3e. <\/p>\n<h2 dir=\"ltr\">Flora Coquerel e a moda: uma presen\u00e7a que se mant\u00e9m inalterada<\/h2>\n<p><img loading=\"lazy\" decoding=\"async\" class=\"aligncenter wp-image-14993 size-large\" src=\"https:\/\/africafashiontour.com\/wp-content\/uploads\/2026\/08\/39610301-1024x683.webp\" alt=\"Flora Coquerel. Africa Fashion Tour\" width=\"1024\" height=\"683\" srcset=\"https:\/\/africafashiontour.com\/wp-content\/uploads\/2026\/08\/39610301-980x653.webp 980w, https:\/\/africafashiontour.com\/wp-content\/uploads\/2026\/08\/39610301-480x320.webp 480w\" sizes=\"(min-width: 0px) and (max-width: 480px) 480px, (min-width: 481px) and (max-width: 980px) 980px, (min-width: 981px) 1024px, 100vw\" \/><\/p>\n<p dir=\"ltr\">Embora o compromisso ocupe um lugar central na sua vida, <strong>a Miss Fran\u00e7a do mundo da moda<\/strong> nunca virou as costas ao mundo da moda e da beleza \u2014 muito pelo contr\u00e1rio. Ap\u00f3s o seu mandato, aquela que outrora sonhava em tornar-se estilista assinou contrato com uma ag\u00eancia de modelos e tem vindo a multiplicar as colabora\u00e7\u00f5es com marcas de prest\u00edgio. <\/p>\n<p dir=\"ltr\">O seu evento de moda mais emblem\u00e1tico continua a ser, sem d\u00favida, o <strong>desfile da Etam<\/strong>. Todos os anos,<strong>o Etam Live Show<\/strong> d\u00e1 in\u00edcio \u00e0 Semana da Moda de Paris num ambiente que combina lingerie, m\u00fasica e espet\u00e1culo. Flora Coquerel tornou-se ali uma presen\u00e7a habitual nas passarelas, frequentemente rodeada por outras antigas rainhas da beleza. Assim, viu-se desfilarem juntas v\u00e1rias gera\u00e7\u00f5es de <strong>Miss Fran\u00e7a<\/strong>: <strong>Iris Mittenaere<\/strong>, <strong>Alicia Aylies<\/strong>, <strong>Amandine Petit<\/strong> ou ainda Flora, reunidas sob os holofotes para celebrar a feminilidade. Este reencontro \u00e9 testemunho de uma irmandade duradoura entre <strong>as Miss Fran\u00e7a<\/strong>, muito depois de as coroas terem mudado de donas.    <\/p>\n<p dir=\"ltr\"><strong>A ex-Miss Fran\u00e7a Flora Coquerel<\/strong> tamb\u00e9m brilha num registo mais requintado, o da alta-costura. Foi vista, nomeadamente, no <strong>desfile de St\u00e9phane Rolland<\/strong>, onde a arquitetura escultural das cria\u00e7\u00f5es do estilista se adapta na perfei\u00e7\u00e3o \u00e0 sua silhueta esguia. A sua presen\u00e7a em grandes eventos n\u00e3o fica por a\u00ed: todas as primaveras, a rainha da beleza \u00e9 uma das figuras que se v\u00ea no <strong>Festival de Cannes<\/strong>, subindo os famosos degraus do Palais des Festivals com looks que chamam a aten\u00e7\u00e3o, entre vestidos com fendas ousadas e uma eleg\u00e2ncia controlada.  <\/p>\n<p dir=\"ltr\">Empres\u00e1ria de cora\u00e7\u00e3o \u2014 o seu BTS em <strong>com\u00e9rcio internacional<\/strong> n\u00e3o foi por acaso \u2014, ela tamb\u00e9m multiplicou os projetos pessoais, chegando mesmo a desenvolver a sua pr\u00f3pria abordagem \u00e0 \u00e1rea da cosm\u00e9tica. Este esp\u00edrito empreendedor, raro entre as vencedoras de um <strong>concurso de beleza<\/strong>, acrescenta mais uma corda ao seu arco e prolonga, no dom\u00ednio econ\u00f3mico, a independ\u00eancia que ela reivindica desde o in\u00edcio da sua carreira. <\/p>\n<p dir=\"ltr\">Para al\u00e9m das passarelas,<strong>a ex-Miss<\/strong> imp\u00f4s-se como uma embaixadora muito procurada no mundo da beleza. Grandes marcas de cosm\u00e9ticos e cuidados de beleza recorreram \u00e0 sua imagem, seduzidas por uma personalidade moderna, em sintonia com a sua gera\u00e7\u00e3o e representativa de uma beleza mesti\u00e7a ainda demasiado rara na publicidade. Como criadora de conte\u00fados, tamb\u00e9m emprestou a sua voz e o seu rosto a document\u00e1rios que celebram a moda afro: atrav\u00e9s do \u00abwax\u00bb, esse tecido colorido que se tornou um emblema da <strong>mistura<\/strong> cultural, ela destaca os criadores afrodescendentes e a sua influ\u00eancia crescente na moda contempor\u00e2nea.  <\/p>\n<h2 dir=\"ltr\">Um \u00edcone de beleza que inspira toda uma gera\u00e7\u00e3o<\/h2>\n<p dir=\"ltr\">O que distingue Flora Coquerel de muitas outras vencedoras do <strong>concurso Miss Fran\u00e7a<\/strong> \u00e9 essa capacidade de fazer a ponte entre dois mundos. Ela \u00e9, ao mesmo tempo, a herdeira de uma tradi\u00e7\u00e3o tipicamente francesa \u2014 a do<strong>concurso Miss<\/strong> e das suas cerim\u00f3nias acompanhadas por milh\u00f5es de pessoas \u2014 e o rosto de uma modernidade voltada para \u00c1frica. <\/p>\n<p dir=\"ltr\">Para um meio de comunica\u00e7\u00e3o como este, dedicado \u00e0 moda e \u00e0 beleza africanas, o seu percurso \u00e9 particularmente inspirador. Eis uma mulher que nunca teve de escolher entre as suas duas identidades: <strong>francesa e beninesa<\/strong>, transformou <strong>a<\/strong> sua <strong>mistura \u00e9tnica<\/strong> numa for\u00e7a criativa e num compromisso de vida. A sua trajet\u00f3ria lembra-nos que a beleza negra e mesti\u00e7a tem todo o seu lugar nas maiores passarelas, desde as escadarias de Cannes at\u00e9 <strong>ao desfile da Etam<\/strong>, e que a fama pode ali\u00e1-se ao sentido, quando uma coroa se transforma em maternidade no cora\u00e7\u00e3o do <strong>Benim<\/strong>.  <\/p>\n<p dir=\"ltr\">Desde a jovem estudante de <strong>com\u00e9rcio internacional<\/strong> at\u00e9 \u00e0 empreendedora empenhada que \u00e9 hoje, passando pela <strong>coroa\u00e7\u00e3o como Miss Fran\u00e7a<\/strong> em <strong>dezembro de 2013<\/strong>, Flora Coquerel tra\u00e7ou um percurso singular. Aos olhos de muitos, ela continua a ser muito mais do que uma <strong>ex-Miss Fran\u00e7a de<\/strong> sucesso: uma embaixadora do di\u00e1logo entre a Fran\u00e7a e a \u00c1frica, uma <strong>rainha da beleza<\/strong> que soube dar sentido ao seu t\u00edtulo e uma fonte de inspira\u00e7\u00e3o para todas aquelas que se identificam com a riqueza da diversidade cultural. <\/p>\n<p dir=\"ltr\">Enquanto novas gera\u00e7\u00f5es de <strong>Miss Fran\u00e7a<\/strong> continuam a suceder-se, a marca deixada pela vencedora <strong>do Miss Fran\u00e7a 2014<\/strong> permanece indel\u00e9vel. N\u00e3o apenas porque foi <strong>eleita Miss Fran\u00e7a 2014<\/strong> numa noite de dezembro em Dijon, mas porque provou, ano ap\u00f3s ano, que uma coroa pode rimar com convic\u00e7\u00f5es \u2014 e que a mais bela das belezas \u00e9 talvez aquela que irradia muito para al\u00e9m das passarelas. <\/p>\n<p dir=\"ltr\"><em>Quer saber mais sobre a beleza africana? O nosso <a href=\"https:\/\/africafashiontour.com\/pt-pt\/category\/beleza\/\">dossier dedicado<\/a> responde a estas perguntas em pormenor. <\/em><\/p>\n","protected":false},"excerpt":{"rendered":"<p>Coroada Miss Fran\u00e7a 2014 com apenas dezanove anos, Flora Coquerel fez da sua ascend\u00eancia franco-beninense um s\u00edmbolo. De rainha da beleza a \u00edcone da moda e fundadora da associa\u00e7\u00e3o Kelina, ela representa uma ponte singular entre a Fran\u00e7a e \u00c1frica. <\/p>\n","protected":false},"author":17,"featured_media":14978,"comment_status":"closed","ping_status":"closed","sticky":false,"template":"","format":"standard","meta":{"_et_pb_use_builder":"","_et_pb_old_content":"","_et_gb_content_width":"","footnotes":""},"categories":[157],"tags":[],"class_list":["post-15002","post","type-post","status-publish","format-standard","has-post-thumbnail","hentry","category-beleza"],"_links":{"self":[{"href":"https:\/\/africafashiontour.com\/pt-pt\/wp-json\/wp\/v2\/posts\/15002","targetHints":{"allow":["GET"]}}],"collection":[{"href":"https:\/\/africafashiontour.com\/pt-pt\/wp-json\/wp\/v2\/posts"}],"about":[{"href":"https:\/\/africafashiontour.com\/pt-pt\/wp-json\/wp\/v2\/types\/post"}],"author":[{"embeddable":true,"href":"https:\/\/africafashiontour.com\/pt-pt\/wp-json\/wp\/v2\/users\/17"}],"replies":[{"embeddable":true,"href":"https:\/\/africafashiontour.com\/pt-pt\/wp-json\/wp\/v2\/comments?post=15002"}],"version-history":[{"count":0,"href":"https:\/\/africafashiontour.com\/pt-pt\/wp-json\/wp\/v2\/posts\/15002\/revisions"}],"wp:featuredmedia":[{"embeddable":true,"href":"https:\/\/africafashiontour.com\/pt-pt\/wp-json\/wp\/v2\/media\/14978"}],"wp:attachment":[{"href":"https:\/\/africafashiontour.com\/pt-pt\/wp-json\/wp\/v2\/media?parent=15002"}],"wp:term":[{"taxonomy":"category","embeddable":true,"href":"https:\/\/africafashiontour.com\/pt-pt\/wp-json\/wp\/v2\/categories?post=15002"},{"taxonomy":"post_tag","embeddable":true,"href":"https:\/\/africafashiontour.com\/pt-pt\/wp-json\/wp\/v2\/tags?post=15002"}],"curies":[{"name":"wp","href":"https:\/\/api.w.org\/{rel}","templated":true}]}}