{"id":15309,"date":"2026-09-05T23:52:56","date_gmt":"2026-09-05T21:52:56","guid":{"rendered":"https:\/\/africafashiontour.com\/o-wax-nao-e-africano\/"},"modified":"2026-09-06T00:00:55","modified_gmt":"2026-09-05T22:00:55","slug":"o-wax-nao-e-africano","status":"publish","type":"post","link":"https:\/\/africafashiontour.com\/pt-pt\/o-wax-nao-e-africano\/","title":{"rendered":"O wax n\u00e3o \u00e9 africano"},"content":{"rendered":"<div class=\"ProseMirror\" contenteditable=\"true\" translate=\"no\" aria-label=\"\u00c9diteur Canvas\" aria-busy=\"false\" data-disable-editing=\"false\">\n<h2>Como \u00e9 que o wax se tornou um s\u00edmbolo de emancipa\u00e7\u00e3o?<\/h2>\n<p>H\u00e1 cerca de quinze anos que <strong>a controv\u00e9rsia em torno do wax<\/strong> agita regularmente as redes sociais e os c\u00edrculos da di\u00e1spora: o tecido estampado wax, origin\u00e1rio da Indon\u00e9sia e fabricado na Europa, n\u00e3o tem nada de originalmente africano. No entanto, esta constata\u00e7\u00e3o t\u00e9cnica ignora uma realidade sociol\u00f3gica e hist\u00f3rica. <\/p>\n<p>Se a mat\u00e9ria-prima atravessou os oceanos, foi a perspic\u00e1cia comercial das m\u00e3es, av\u00f3s e comerciantes da \u00c1frica Ocidental que conferiu a este tecido o seu valor simb\u00f3lico, o seu prest\u00edgio e a sua carga emocional. Ao atribuir-lhe nomes vern\u00e1culos, ao codificar os seus motivos para os transformar em ve\u00edculos de mensagens sociais e ao orquestrar redes de distribui\u00e7\u00e3o colossais, \u00e0 semelhan\u00e7a <strong>das lend\u00e1rias Nana Benz no Togo<\/strong>, estas mulheres inventaram uma verdadeira ci\u00eancia do branding muito antes do seu tempo. <\/p>\n<p>Perante uma produ\u00e7\u00e3o local que mal consegue ultrapassar os 7 % nos pa\u00edses mais favorecidos do continente, limitar-se \u00e0 rejei\u00e7\u00e3o pura e simples do t\u00eaxtil priva as novas gera\u00e7\u00f5es da sua pr\u00f3pria mem\u00f3ria. <strong>A iniciativa lan\u00e7ada por Rosy Sambwa<\/strong> atrav\u00e9s do ciclo educativo #ParlonsMode pretende ultrapassar a dicotomia entre a fetichiza\u00e7\u00e3o e a rejei\u00e7\u00e3o para colocar uma quest\u00e3o essencial: o que fazemos hoje com as mem\u00f3rias, as emo\u00e7\u00f5es e os conhecimentos transmitidos em torno deste tecido?<\/p>\n<h2>Tr\u00eas vozes excecionais para reinventar a narrativa t\u00eaxtil<\/h2>\n<p>Ap\u00f3s uma primeira etapa fundadora em Bruxelas, que reuniu um psiquiatra, uma revendedora de terceira gera\u00e7\u00e3o e uma ativista, a vertente parisiense passa \u00e0 a\u00e7\u00e3o concreta, dando a palavra a tr\u00eas mulheres com perspetivas singulares:<\/p>\n<ul>\n<li><strong>Krissima Poba, a ruptura atrav\u00e9s do gesto criativo:<\/strong> Artista visual, fot\u00f3grafa e mediadora cient\u00edfica, adota uma abordagem radical ao desenhar ela pr\u00f3pria os motivos dos seus t\u00eaxteis e ao conceber instala\u00e7\u00f5es art\u00edsticas de grande impacto. Ao reinventar o tecido a partir de dentro, ela demonstra que a soberania t\u00eaxtil passa pela reapropria\u00e7\u00e3o do desenho e do significado. <\/li>\n<li><strong><a href=\"https:\/\/africafashiontour.com\/pt-pt\/justine-sow-autora-de-wax-paradoxe\/\">Justine Sow, a mem\u00f3ria e os paradoxos nas p\u00e1ginas<\/a>:<\/strong> jornalista da RTL e autora de banda desenhada, \u00e9 a autora de <em>\u00abWax Paradoxes<\/em>\u00bb. Atrav\u00e9s do texto e da ilustra\u00e7\u00e3o, a sua obra explora as contradi\u00e7\u00f5es, a busca pela identidade e a carga emocional de um tecido omnipresente nos lares da di\u00e1spora, mas cuja hist\u00f3ria continua a ser pouco conhecida. <\/li>\n<\/ul>\n<p><img loading=\"lazy\" decoding=\"async\" class=\"aligncenter size-large wp-image-8637\" src=\"https:\/\/africafashiontour.com\/wp-content\/uploads\/2025\/03\/1-819x1024.webp\" alt=\"Justine Sow\" width=\"819\" height=\"1024\"><\/p>\n<ul>\n<li><strong>Bijou Tshiunza, o poder econ\u00f3mico ao servi\u00e7o do terreno:<\/strong> Executiva do setor banc\u00e1rio h\u00e1 quinze anos, fundou a Microdev, uma institui\u00e7\u00e3o de microcr\u00e9dito dedicada ao apoio \u00e0s mulheres empreendedoras na Rep\u00fablica Democr\u00e1tica do Congo. A sua interven\u00e7\u00e3o centra o debate na realidade financeira dos mercados informais e na estrutura\u00e7\u00e3o do capital feminino. <\/li>\n<\/ul>\n<h2>A experi\u00eancia de Rosy Sambwa na interse\u00e7\u00e3o entre a investiga\u00e7\u00e3o e a moda<\/h2>\n<p>Na iniciativa deste ciclo, Rosy Sambwa surge como uma figura de destaque na investiga\u00e7\u00e3o t\u00eaxtil descolonial e contempor\u00e2nea. Historiadora da moda, estilista e consultora especialista reconhecida pela Organiza\u00e7\u00e3o Internacional da Francofonia (OIF), tem vindo a realizar in\u00fameras interven\u00e7\u00f5es acad\u00e9micas e culturais de alto n\u00edvel. <\/p>\n<p>Da UNESCO \u00e0 Universidade Livre de Bruxelas, passando pelo Museu das Civiliza\u00e7\u00f5es Negras de Dacar e pelo AfricaMuseum, os seus trabalhos demonstram que o traje \u00e9 um documento de arquivo pol\u00edtico. O seu empenho visa dotar os jovens da di\u00e1spora e os profissionais das ind\u00fastrias culturais e criativas (ICC) de ferramentas anal\u00edticas rigorosas para interpretar a hist\u00f3ria sem complac\u00eancia nem rejei\u00e7\u00e3o traum\u00e1tica. <\/p>\n<h2>Uma noite envolvente que combina reflex\u00e3o, loja pop-up e encontros<\/h2>\n<p>Concebido como um espa\u00e7o de interc\u00e2mbio multidisciplinar, o encontro de sexta-feira, 2 de outubro de 2026, articula-se em torno de um formato abrangente que combina reflex\u00e3o te\u00f3rica, descoberta de marcas e conv\u00edvio:<\/p>\n<ul>\n<li><strong>17h30 \u2013 18h45:<\/strong> Abertura em ante-estreia da loja pop-up para descobrir e adquirir obras, livros e cria\u00e7\u00f5es independentes.<\/li>\n<li><strong>18h30 \u2013 19h00:<\/strong> Recep\u00e7\u00e3o dos participantes e copo de boas-vindas.<\/li>\n<li><strong>19h00 \u2013 21h00:<\/strong> Mesa redonda moderada por Rosy Sambwa, seguida de uma sess\u00e3o interativa de perguntas e respostas com o p\u00fablico.<\/li>\n<li><strong>21h00 \u2013 23h00:<\/strong> Reabertura da loja pop-up, comida, bebidas, sess\u00f5es de aut\u00f3grafos e continua\u00e7\u00e3o das conversas ao vivo com as oradoras.<\/li>\n<\/ul>\n<p>No que diz respeito \u00e0s compras e ao estilo de vida, os visitantes poder\u00e3o descobrir as cria\u00e7\u00f5es t\u00eaxteis da Banxy, os cartazes art\u00edsticos da Krissima Poba, os marcadores de livros artesanais pintados \u00e0 m\u00e3o pela Odewa, bem como as bebidas refrescantes da marca de bebidas naturais Kexura (sabor gengibre-anan\u00e1s).<\/p>\n<h2>Transformar o patrim\u00f3nio imaterial num motor para o futuro<\/h2>\n<p>O evento de 2 de outubro lembra que o valor de um tecido n\u00e3o reside apenas no local onde foi fiado, mas nas hist\u00f3rias que transporta e nas vidas que sustenta. Ao ligar o legado empresarial das Nana Benz \u00e0s iniciativas atuais de microcr\u00e9dito e de arte contempor\u00e2nea, este evento demonstra que<a href=\"https:\/\/africafashiontour.com\/pt-pt\/category\/modo-pt-pt\/\"> a moda africana<\/a> conquista a sua soberania quando assume a complexidade da sua hist\u00f3ria para construir os seus pr\u00f3prios modelos econ\u00f3micos. <\/p>\n<h3>Informa\u00e7\u00f5es pr\u00e1ticas:<\/h3>\n<ul>\n<li><strong>Data:<\/strong> sexta-feira, 2 de outubro de 2026, das 17h30 \u00e0s 23h00.<\/li>\n<li><strong>Local:<\/strong> 25hours Hotel Paris Terminus Nord, 12 Boulevard de Denain, 75010 Paris.<\/li>\n<li><strong>Acesso:<\/strong> Metro e RER na Esta\u00e7\u00e3o Gare du Nord.<\/li>\n<li><strong>Pre\u00e7o:<\/strong> 55 \u20ac (inclui o acesso \u00e0 confer\u00eancia, o copo de boas-vindas e o acesso exclusivo \u00e0 loja pop-up).<\/li>\n<li><strong>Reservas:<\/strong> <a href=\"https:\/\/www.more.com\/be-en\/tickets\/happenings\/le-wax-nest-pas-africain\/\">Bilheteira oficial online<\/a><\/li>\n<\/ul>\n<hr>\n<p>Ler tamb\u00e9m<\/p>\n<ul>\n<li><a href=\"https:\/\/africafashiontour.com\/pt-pt\/por-que-e-que-a-moda-africana-tem-de-reinventar-os-seus-proprios-meios-de-comunicacao\/\">Por que \u00e9 que a moda africana tem de reinventar os seus pr\u00f3prios meios de comunica\u00e7\u00e3o?<\/a><\/li>\n<li><a href=\"https:\/\/africafashiontour.com\/pt-pt\/o-boubou-africano-historia-estilos-e-simbolismo-de-uma-peca-de-vestuario-excecional\/\">O boubou africano: hist\u00f3ria, estilos e simbolismo de uma pe\u00e7a de vestu\u00e1rio excecional<\/a><\/li>\n<li><a href=\"https:\/\/africafashiontour.com\/pt-pt\/o-tecido-bogolan-historia-fabrico-e-simbolismo-do-textil-maliano\/\">O tecido bogolan: hist\u00f3ria, fabrico e simbolismo do t\u00eaxtil maliano<\/a><\/li>\n<\/ul>\n<\/div>\n","protected":false},"excerpt":{"rendered":"<p>No dia 2 de outubro de 2026, a historiadora de moda Rosy Sambwa convida criadores, investigadores e entusiastas para o 25hours Hotel Terminus Nord, em Paris. O objetivo \u00e9 ir al\u00e9m das pol\u00e9micas para reavaliar o g\u00e9nio de marketing das mulheres africanas e explorar a mem\u00f3ria \u00edntima de um tecido que se tornou m\u00edtico. <\/p>\n","protected":false},"author":2,"featured_media":15305,"comment_status":"closed","ping_status":"closed","sticky":false,"template":"","format":"standard","meta":{"_et_pb_use_builder":"","_et_pb_old_content":"","_et_gb_content_width":"","footnotes":""},"categories":[143],"tags":[],"class_list":["post-15309","post","type-post","status-publish","format-standard","has-post-thumbnail","hentry","category-modo-pt-pt"],"_links":{"self":[{"href":"https:\/\/africafashiontour.com\/pt-pt\/wp-json\/wp\/v2\/posts\/15309","targetHints":{"allow":["GET"]}}],"collection":[{"href":"https:\/\/africafashiontour.com\/pt-pt\/wp-json\/wp\/v2\/posts"}],"about":[{"href":"https:\/\/africafashiontour.com\/pt-pt\/wp-json\/wp\/v2\/types\/post"}],"author":[{"embeddable":true,"href":"https:\/\/africafashiontour.com\/pt-pt\/wp-json\/wp\/v2\/users\/2"}],"replies":[{"embeddable":true,"href":"https:\/\/africafashiontour.com\/pt-pt\/wp-json\/wp\/v2\/comments?post=15309"}],"version-history":[{"count":1,"href":"https:\/\/africafashiontour.com\/pt-pt\/wp-json\/wp\/v2\/posts\/15309\/revisions"}],"predecessor-version":[{"id":15313,"href":"https:\/\/africafashiontour.com\/pt-pt\/wp-json\/wp\/v2\/posts\/15309\/revisions\/15313"}],"wp:featuredmedia":[{"embeddable":true,"href":"https:\/\/africafashiontour.com\/pt-pt\/wp-json\/wp\/v2\/media\/15305"}],"wp:attachment":[{"href":"https:\/\/africafashiontour.com\/pt-pt\/wp-json\/wp\/v2\/media?parent=15309"}],"wp:term":[{"taxonomy":"category","embeddable":true,"href":"https:\/\/africafashiontour.com\/pt-pt\/wp-json\/wp\/v2\/categories?post=15309"},{"taxonomy":"post_tag","embeddable":true,"href":"https:\/\/africafashiontour.com\/pt-pt\/wp-json\/wp\/v2\/tags?post=15309"}],"curies":[{"name":"wp","href":"https:\/\/api.w.org\/{rel}","templated":true}]}}